{"id":96012,"date":"2025-10-03T18:21:34","date_gmt":"2025-10-04T00:21:34","guid":{"rendered":"https:\/\/www.interaccionnoticias.com.mx\/?p=96012"},"modified":"2025-10-03T18:21:35","modified_gmt":"2025-10-04T00:21:35","slug":"en-san-marcos-incrementan-500-por-ciento-el-derecho-de-alumbrado-publico","status":"publish","type":"post","link":"https:\/\/www.interaccionnoticias.com.mx\/?p=96012","title":{"rendered":"En San Marcos incrementan 500 por ciento el Derecho de Alumbrado P\u00fablico"},"content":{"rendered":"\n<p><em><strong>&#8212; La determinaci\u00f3n de ese aumento fue del alcalde, se deslind\u00f3 la CFE<\/strong><\/em><\/p>\n\n\n\n<p><strong>Rosario Garc\u00eda Orozco<\/strong><\/p>\n\n\n\n<p>En el municipio de San Marcos, en la costa Chica de Guerrero, se registr\u00f3 el incremento del 500 por ciento en el pago del Derecho de Alumbrado P\u00fablico, denunciaron pobladores.<\/p>\n\n\n\n<p>Uno de los habitantes de ese municipio, Mario Villanueva Villanueva se quej\u00f3 porque ese incremento afecta la econom\u00eda de los sanmarque\u00f1os, y record\u00f3 que el Derecho de Alumbrado P\u00fablico (DAP) se cobra en el recibo de la luz de la Comisi\u00f3n Federal del Electricidad (CFE) establecido por los municipios.<\/p>\n\n\n\n<p>V\u00eda telef\u00f3nica, el denunciante mencion\u00f3 que varios vecinos que detectaron el incremento en ese concepto empezaron a preguntar en las oficinas de la CFE, y que en lo personal \u00e9l fue a esas instalaciones de San Marcos, \u00abpor que hab\u00eda muchos dimes y diretes, y de viva voz, por el jefe de Comercializaci\u00f3n, supe que el alcalde Misael Lorenzo Castillo, pidi\u00f3 el incremento, me mostr\u00f3 el documento que le mand\u00f3\u201d, pero no le comparti\u00f3 copia de ese convenio.<\/p>\n\n\n\n<p>Refiri\u00f3 que antes del incremento del 500 por ciento, los recibos de la CFE cobraban por concepto de DAP, de 50 kilovatios, 9 pesos y ahora cobran 50 pesos, mientras que la tarifa m\u00e1xima de 350 Kilovatios, subi\u00f3 de 350 a 700 pesos mensuales.<\/p>\n\n\n\n<p>Agreg\u00f3 que los habitantes de San Marcos conf\u00edan en que el presidente municipal corrija su desision y regrese la tarifa a como estaba.<\/p>\n\n\n\n<figure class=\"wp-block-gallery has-nested-images columns-default is-cropped wp-block-gallery-1 is-layout-flex wp-block-gallery-is-layout-flex\">\n<figure class=\"wp-block-image size-large\"><img decoding=\"async\" src=\"data:image\/gif;base64,R0lGODlhAQABAIAAAAAAAP\/\/\/ywAAAAAAQABAAACAUwAOw==\" fifu-lazy=\"1\" fifu-data-sizes=\"auto\" fifu-data-srcset=\"https:\/\/i3.wp.com\/www.interaccionnoticias.com.mx\/wp-content\/uploads\/2025\/10\/251003-Alumbrado-Publico-1-1024x683.jpg?ssl=1&w=75&resize=75&ssl=1 75w, https:\/\/i3.wp.com\/www.interaccionnoticias.com.mx\/wp-content\/uploads\/2025\/10\/251003-Alumbrado-Publico-1-1024x683.jpg?ssl=1&w=100&resize=100&ssl=1 100w, https:\/\/i3.wp.com\/www.interaccionnoticias.com.mx\/wp-content\/uploads\/2025\/10\/251003-Alumbrado-Publico-1-1024x683.jpg?ssl=1&w=150&resize=150&ssl=1 150w, https:\/\/i3.wp.com\/www.interaccionnoticias.com.mx\/wp-content\/uploads\/2025\/10\/251003-Alumbrado-Publico-1-1024x683.jpg?ssl=1&w=240&resize=240&ssl=1 240w, https:\/\/i3.wp.com\/www.interaccionnoticias.com.mx\/wp-content\/uploads\/2025\/10\/251003-Alumbrado-Publico-1-1024x683.jpg?ssl=1&w=320&resize=320&ssl=1 320w, https:\/\/i3.wp.com\/www.interaccionnoticias.com.mx\/wp-content\/uploads\/2025\/10\/251003-Alumbrado-Publico-1-1024x683.jpg?ssl=1&w=500&resize=500&ssl=1 500w, https:\/\/i3.wp.com\/www.interaccionnoticias.com.mx\/wp-content\/uploads\/2025\/10\/251003-Alumbrado-Publico-1-1024x683.jpg?ssl=1&w=640&resize=640&ssl=1 640w, https:\/\/i3.wp.com\/www.interaccionnoticias.com.mx\/wp-content\/uploads\/2025\/10\/251003-Alumbrado-Publico-1-1024x683.jpg?ssl=1&w=800&resize=800&ssl=1 800w, https:\/\/i3.wp.com\/www.interaccionnoticias.com.mx\/wp-content\/uploads\/2025\/10\/251003-Alumbrado-Publico-1-1024x683.jpg?ssl=1&w=1024&resize=1024&ssl=1 1024w, https:\/\/i3.wp.com\/www.interaccionnoticias.com.mx\/wp-content\/uploads\/2025\/10\/251003-Alumbrado-Publico-1-1024x683.jpg?ssl=1&w=1280&resize=1280&ssl=1 1280w, https:\/\/i3.wp.com\/www.interaccionnoticias.com.mx\/wp-content\/uploads\/2025\/10\/251003-Alumbrado-Publico-1-1024x683.jpg?ssl=1&w=1600&resize=1600&ssl=1 1600w\" data-id=\"96013\" fifu-data-src=\"https:\/\/i3.wp.com\/www.interaccionnoticias.com.mx\/wp-content\/uploads\/2025\/10\/251003-Alumbrado-Publico-1-1024x683.jpg?ssl=1\" alt=\"\" class=\"wp-image-96013\"\/><\/figure>\n\n\n\n<figure class=\"wp-block-image size-large\"><img decoding=\"async\" src=\"data:image\/gif;base64,R0lGODlhAQABAIAAAAAAAP\/\/\/ywAAAAAAQABAAACAUwAOw==\" fifu-lazy=\"1\" fifu-data-sizes=\"auto\" fifu-data-srcset=\"https:\/\/i0.wp.com\/www.interaccionnoticias.com.mx\/wp-content\/uploads\/2025\/10\/251003-Alumbrado-Publico-2-1024x683.jpg?ssl=1&w=75&resize=75&ssl=1 75w, https:\/\/i0.wp.com\/www.interaccionnoticias.com.mx\/wp-content\/uploads\/2025\/10\/251003-Alumbrado-Publico-2-1024x683.jpg?ssl=1&w=100&resize=100&ssl=1 100w, https:\/\/i0.wp.com\/www.interaccionnoticias.com.mx\/wp-content\/uploads\/2025\/10\/251003-Alumbrado-Publico-2-1024x683.jpg?ssl=1&w=150&resize=150&ssl=1 150w, https:\/\/i0.wp.com\/www.interaccionnoticias.com.mx\/wp-content\/uploads\/2025\/10\/251003-Alumbrado-Publico-2-1024x683.jpg?ssl=1&w=240&resize=240&ssl=1 240w, https:\/\/i0.wp.com\/www.interaccionnoticias.com.mx\/wp-content\/uploads\/2025\/10\/251003-Alumbrado-Publico-2-1024x683.jpg?ssl=1&w=320&resize=320&ssl=1 320w, https:\/\/i0.wp.com\/www.interaccionnoticias.com.mx\/wp-content\/uploads\/2025\/10\/251003-Alumbrado-Publico-2-1024x683.jpg?ssl=1&w=500&resize=500&ssl=1 500w, https:\/\/i0.wp.com\/www.interaccionnoticias.com.mx\/wp-content\/uploads\/2025\/10\/251003-Alumbrado-Publico-2-1024x683.jpg?ssl=1&w=640&resize=640&ssl=1 640w, https:\/\/i0.wp.com\/www.interaccionnoticias.com.mx\/wp-content\/uploads\/2025\/10\/251003-Alumbrado-Publico-2-1024x683.jpg?ssl=1&w=800&resize=800&ssl=1 800w, https:\/\/i0.wp.com\/www.interaccionnoticias.com.mx\/wp-content\/uploads\/2025\/10\/251003-Alumbrado-Publico-2-1024x683.jpg?ssl=1&w=1024&resize=1024&ssl=1 1024w, https:\/\/i0.wp.com\/www.interaccionnoticias.com.mx\/wp-content\/uploads\/2025\/10\/251003-Alumbrado-Publico-2-1024x683.jpg?ssl=1&w=1280&resize=1280&ssl=1 1280w, https:\/\/i0.wp.com\/www.interaccionnoticias.com.mx\/wp-content\/uploads\/2025\/10\/251003-Alumbrado-Publico-2-1024x683.jpg?ssl=1&w=1600&resize=1600&ssl=1 1600w\" data-id=\"96014\" fifu-data-src=\"https:\/\/i0.wp.com\/www.interaccionnoticias.com.mx\/wp-content\/uploads\/2025\/10\/251003-Alumbrado-Publico-2-1024x683.jpg?ssl=1\" alt=\"\" class=\"wp-image-96014\"\/><\/figure>\n<\/figure>\n","protected":false},"excerpt":{"rendered":"<p>&#8212; La determinaci\u00f3n de ese aumento fue del alcalde, se deslind\u00f3 la CFE Rosario Garc\u00eda Orozco En el municipio de San Marcos, en la costa Chica de Guerrero, se registr\u00f3&hellip; <\/p>\n","protected":false},"author":14,"featured_media":96016,"comment_status":"open","ping_status":"open","sticky":false,"template":"","format":"standard","meta":{"fifu_image_url":"https:\/\/www.interaccionnoticias.com.mx\/wp-content\/uploads\/2025\/10\/251003-Alumbrado-Publico-2.jpg","fifu_image_alt":"","footnotes":""},"categories":[23],"tags":[],"class_list":["post-96012","post","type-post","status-publish","format-standard","has-post-thumbnail","hentry","category-regionales"],"_links":{"self":[{"href":"https:\/\/www.interaccionnoticias.com.mx\/index.php?rest_route=\/wp\/v2\/posts\/96012","targetHints":{"allow":["GET"]}}],"collection":[{"href":"https:\/\/www.interaccionnoticias.com.mx\/index.php?rest_route=\/wp\/v2\/posts"}],"about":[{"href":"https:\/\/www.interaccionnoticias.com.mx\/index.php?rest_route=\/wp\/v2\/types\/post"}],"author":[{"embeddable":true,"href":"https:\/\/www.interaccionnoticias.com.mx\/index.php?rest_route=\/wp\/v2\/users\/14"}],"replies":[{"embeddable":true,"href":"https:\/\/www.interaccionnoticias.com.mx\/index.php?rest_route=%2Fwp%2Fv2%2Fcomments&post=96012"}],"version-history":[{"count":1,"href":"https:\/\/www.interaccionnoticias.com.mx\/index.php?rest_route=\/wp\/v2\/posts\/96012\/revisions"}],"predecessor-version":[{"id":96015,"href":"https:\/\/www.interaccionnoticias.com.mx\/index.php?rest_route=\/wp\/v2\/posts\/96012\/revisions\/96015"}],"wp:featuredmedia":[{"embeddable":true,"href":"https:\/\/www.interaccionnoticias.com.mx\/index.php?rest_route=\/wp\/v2\/media\/96016"}],"wp:attachment":[{"href":"https:\/\/www.interaccionnoticias.com.mx\/index.php?rest_route=%2Fwp%2Fv2%2Fmedia&parent=96012"}],"wp:term":[{"taxonomy":"category","embeddable":true,"href":"https:\/\/www.interaccionnoticias.com.mx\/index.php?rest_route=%2Fwp%2Fv2%2Fcategories&post=96012"},{"taxonomy":"post_tag","embeddable":true,"href":"https:\/\/www.interaccionnoticias.com.mx\/index.php?rest_route=%2Fwp%2Fv2%2Ftags&post=96012"}],"curies":[{"name":"wp","href":"https:\/\/api.w.org\/{rel}","templated":true}]}}