{"id":9600,"date":"2017-10-28T18:43:43","date_gmt":"2017-10-28T23:43:43","guid":{"rendered":"http:\/\/www.inter-accion.com.mx\/?p=9600"},"modified":"2017-10-28T18:43:43","modified_gmt":"2017-10-28T23:43:43","slug":"gcg-crimen-organizado-ordena-bloqueo-carretero-en-mezcala","status":"publish","type":"post","link":"https:\/\/www.interaccionnoticias.com.mx\/?p=9600","title":{"rendered":"GCG: Crimen organizado ordena bloqueo carretero en Mezcala"},"content":{"rendered":"<p><br \/>\n<strong>Durante dos horas, para exigir la detenci\u00f3n de 49 supuestos autodefensas&nbsp;&nbsp;&nbsp;<\/strong><br \/>\nEl Grupo de Coordinaci\u00f3n Guerrero (GCG) inform\u00f3 que presionados por integrantes del crimen organizado, habitantes de nueve comunidades del municipio de Eduardo Neri bloquearon por espacio de dos horas la carretera federal M\u00e9xico-Acapulco, a la altura de la comunidad de Mezcala.<br \/>\nRoberto Alvarez Heredia, vocero del GCG confirm\u00f3 que el bloqueo comenz\u00f3 desde las 13:00 horas y termin\u00f3 alrededor de las 15:15, tras una negociaci\u00f3n directa entre funcionarios del gobierno del estado con los comisarios de las comunidades en que opera la autodefensa de Mezcala.<br \/>\nLa negociaci\u00f3n estuvo a cargo del subsecretario de la Secretar\u00eda General de Gobierno, Martin Maldonado, quien fue respaldado \u00a1por personal de la Fiscal\u00eda General del Estado (FGE), con el resguardo de la Polic\u00eda Federal (PF) y de la 35 Zona Militar.<br \/>\nAlvarez Heredia indic\u00f3 que en la protesta participaron m\u00e1s de cien personas, quienes reclamaban la liberaci\u00f3n de 49 integrantes de la autodefensa que el pasado jueves fueron desarmados, detenidos y canalizados hacia la delegaci\u00f3n de la Procuradur\u00eda General de la Rep\u00fablica (PGR), luego de que estos&nbsp;&nbsp;incursionaran armadas en la cabecera municipal de Eduardo Neri, en Zumpango del R\u00edo.<br \/>\nEl portavoz detall\u00f3 que la manifestaci\u00f3n estuvo integrada en su mayor\u00eda por familiares y conocidos de los autodefensas detenidos.<br \/>\nEn el comunicado, el vocero Alvarez Heredia inform\u00f3 que hay elementos para relacionar la protesta con grupos del crimen, lo que se indica en el siguiente p\u00e1rrafo de su comunicado: \u201cSe tuvo conocimiento de que transportistas y particulares fueron obligados por miembros de la delincuencia organizada a cerrar la carretera, lo que motiv\u00f3 que las fuerzas de seguridad dispusieran un operativo para retirar el bloqueo\u201d.<br \/>\nDe hecho, el documento emitido la tarde del s\u00e1bado refiere que&nbsp;\u201cmomentos antes, polic\u00edas estatales y el ej\u00e9rcito mexicano observaron a civiles armados en los cerros aleda\u00f1os y se movilizaron para ubicarlos. Hasta este momento no hay detenidos\u201d.<br \/>\nSe anta que un&nbsp;helic\u00f3ptero de la Secretar\u00eda de Seguridad P\u00fablica (SSP), a cargo del general Pedro Almaz\u00e1n Cervantes apoy\u00f3 las acciones desplegadas por las instituciones de seguridad.<br \/>\nLos 49 autodefensas permanecen en la delegaci\u00f3n de PGR, a la espera de que se determine su situaci\u00f3n legal.<br \/>\nDurante la movilizaci\u00f3n, los inconformes acusaron al presidente municipal de Eduardo Neri, Pablo Higuera Fuentes de haberlos convocado la jornada del jueves a la cabecera municipal, para en realidad entregarlos a las autoridades.<br \/>\nEn las pancartas se acusa al primer edil de incurrir en un acto de traici\u00f3n, por lo que piden su liberaci\u00f3n de manera inmediata.<\/p>\n","protected":false},"excerpt":{"rendered":"<p>Durante dos horas, para exigir la detenci\u00f3n de 49 supuestos autodefensas&nbsp;&nbsp;&nbsp; El Grupo de Coordinaci\u00f3n Guerrero (GCG) inform\u00f3 que presionados por integrantes del crimen organizado, habitantes de nueve comunidades del&hellip; <\/p>\n","protected":false},"author":1,"featured_media":0,"comment_status":"closed","ping_status":"closed","sticky":false,"template":"","format":"standard","meta":{"fifu_image_url":"","fifu_image_alt":"","footnotes":""},"categories":[8,27],"tags":[],"class_list":["post-9600","post","type-post","status-publish","format-standard","hentry","category-featured","category-seguridad-publica"],"_links":{"self":[{"href":"https:\/\/www.interaccionnoticias.com.mx\/index.php?rest_route=\/wp\/v2\/posts\/9600","targetHints":{"allow":["GET"]}}],"collection":[{"href":"https:\/\/www.interaccionnoticias.com.mx\/index.php?rest_route=\/wp\/v2\/posts"}],"about":[{"href":"https:\/\/www.interaccionnoticias.com.mx\/index.php?rest_route=\/wp\/v2\/types\/post"}],"author":[{"embeddable":true,"href":"https:\/\/www.interaccionnoticias.com.mx\/index.php?rest_route=\/wp\/v2\/users\/1"}],"replies":[{"embeddable":true,"href":"https:\/\/www.interaccionnoticias.com.mx\/index.php?rest_route=%2Fwp%2Fv2%2Fcomments&post=9600"}],"version-history":[{"count":0,"href":"https:\/\/www.interaccionnoticias.com.mx\/index.php?rest_route=\/wp\/v2\/posts\/9600\/revisions"}],"wp:attachment":[{"href":"https:\/\/www.interaccionnoticias.com.mx\/index.php?rest_route=%2Fwp%2Fv2%2Fmedia&parent=9600"}],"wp:term":[{"taxonomy":"category","embeddable":true,"href":"https:\/\/www.interaccionnoticias.com.mx\/index.php?rest_route=%2Fwp%2Fv2%2Fcategories&post=9600"},{"taxonomy":"post_tag","embeddable":true,"href":"https:\/\/www.interaccionnoticias.com.mx\/index.php?rest_route=%2Fwp%2Fv2%2Ftags&post=9600"}],"curies":[{"name":"wp","href":"https:\/\/api.w.org\/{rel}","templated":true}]}}