{"id":95978,"date":"2025-10-03T13:46:32","date_gmt":"2025-10-03T19:46:32","guid":{"rendered":"https:\/\/www.interaccionnoticias.com.mx\/?p=95978"},"modified":"2025-10-03T13:46:33","modified_gmt":"2025-10-03T19:46:33","slug":"trabajadores-del-zoochilpan-advierten-que-si-no-les-renuevan-sus-contratos-marcharan-en-chilpancingo","status":"publish","type":"post","link":"https:\/\/www.interaccionnoticias.com.mx\/?p=95978","title":{"rendered":"Trabajadores del Zoochilpan advierten que si no les renuevan sus contratos marchar\u00e1n en Chilpancingo"},"content":{"rendered":"\n<p><strong><em>&#8212; Refieren que fueron despedidos de manera injustificada<\/em><\/strong><\/p>\n\n\n\n<p><strong>Rosario Garc\u00eda Orozco<\/strong><\/p>\n\n\n\n<p>Trabajadores del Zool\u00f3gico Zoochilpan, quienes fueron despedidos el lunes pasado, advirtieron que si la pr\u00f3xima semana no les renuevan sus contratos realizar\u00e1n marchas en Chilpancingo, con el apoyo de algunos sindicatos.<\/p>\n\n\n\n<p>En conferencia de prensa mencionaron que fueron despedidos tres trabajadores que han laborando en ese espacio entre 4 y 9 a\u00f1os y \u00abno hab\u00eda pasado esto de despedir a los rabajadores sin ninguna raz\u00f3n\u00bb, adem\u00e1s de que denunciaron que no los quieren finiquitar de acuerdo a la Ley, y que les adeudan la segunda quincena de septiembre.<\/p>\n\n\n\n<p>Diana Bautista Hern\u00e1ndez, trabajadora del \u00e1rea de jardines del Zool\u00f3gico, expres\u00f3 que tiene 4 a\u00f1os laborando en ese centro de trabajo, y asegur\u00f3 que siempre ha cumplido con su labor por lo que no entiende a qu\u00e9 se debe que no le hayan renovado su contrato.<\/p>\n\n\n\n<p>Por su parte, Francisco Mart\u00ed Garc\u00eda de la Cruz, quien trabaja en el \u00e1rea de mantenimiento desde hace 9 a\u00f1os, dijo que en ocasiones hasta labores de alba\u00f1il ha realizado, que no est\u00e1n en sus responsabilidades, y que a\u00fan as\u00ed ya no le renovaron su contrato.<\/p>\n\n\n\n<p>Ana Virginia, quien evadi\u00f3 proporcionar sus apellidos, tambi\u00e9n extrabajadora de ese centro recreativo se quej\u00f3 porque el director, Rommel Rodr\u00edguez Zavalza no les ha dado la cara para explicarles por qu\u00e9 no les renov\u00f3 sus contratos, \u00absolo queremos saber que hicimos mal, a quien agredidos, a quien le faltamos, cual fue nuestro error y por que esta actuando de esta manera con nosotras\u00bb, e insisti\u00f3 en que les regresen su empleo.<\/p>\n\n\n\n<p>Pidieron la intervenci\u00f3n de la gobernadora Evelyn Salgado Pineda para evitar que se sigan registrando despidos injustificados, \u00abporque somos madres y padres y necesitamos llevar el sustento a nuestras casas\u00bb.<\/p>\n\n\n\n<p>Refirieron que ya se reunieron con el secretario del Medio Ambiente y Recursos Naturales, Angel Almaz\u00e1n Ju\u00e1rez, quien les dijo que no ten\u00eda conocimiento de la situaci\u00f3n y que revisar\u00eda el caso.<\/p>\n\n\n\n<p>Reclamaron que el director del Zool\u00f3gico, Rommel Rodr\u00edguez Zavalza, comete una irregularidad al mantenerse en un espacio laboral para el que no cuenta con el perfil requerido.<\/p>\n","protected":false},"excerpt":{"rendered":"<p>&#8212; Refieren que fueron despedidos de manera injustificada Rosario Garc\u00eda Orozco Trabajadores del Zool\u00f3gico Zoochilpan, quienes fueron despedidos el lunes pasado, advirtieron que si la pr\u00f3xima semana no les renuevan&hellip; <\/p>\n","protected":false},"author":14,"featured_media":95981,"comment_status":"open","ping_status":"open","sticky":false,"template":"","format":"standard","meta":{"fifu_image_url":"https:\/\/www.interaccionnoticias.com.mx\/wp-content\/uploads\/2025\/10\/251002-Trabajadores-del-Zoochilpan.jpg","fifu_image_alt":"","footnotes":""},"categories":[11],"tags":[],"class_list":["post-95978","post","type-post","status-publish","format-standard","has-post-thumbnail","hentry","category-guerrero"],"_links":{"self":[{"href":"https:\/\/www.interaccionnoticias.com.mx\/index.php?rest_route=\/wp\/v2\/posts\/95978","targetHints":{"allow":["GET"]}}],"collection":[{"href":"https:\/\/www.interaccionnoticias.com.mx\/index.php?rest_route=\/wp\/v2\/posts"}],"about":[{"href":"https:\/\/www.interaccionnoticias.com.mx\/index.php?rest_route=\/wp\/v2\/types\/post"}],"author":[{"embeddable":true,"href":"https:\/\/www.interaccionnoticias.com.mx\/index.php?rest_route=\/wp\/v2\/users\/14"}],"replies":[{"embeddable":true,"href":"https:\/\/www.interaccionnoticias.com.mx\/index.php?rest_route=%2Fwp%2Fv2%2Fcomments&post=95978"}],"version-history":[{"count":1,"href":"https:\/\/www.interaccionnoticias.com.mx\/index.php?rest_route=\/wp\/v2\/posts\/95978\/revisions"}],"predecessor-version":[{"id":95980,"href":"https:\/\/www.interaccionnoticias.com.mx\/index.php?rest_route=\/wp\/v2\/posts\/95978\/revisions\/95980"}],"wp:featuredmedia":[{"embeddable":true,"href":"https:\/\/www.interaccionnoticias.com.mx\/index.php?rest_route=\/wp\/v2\/media\/95981"}],"wp:attachment":[{"href":"https:\/\/www.interaccionnoticias.com.mx\/index.php?rest_route=%2Fwp%2Fv2%2Fmedia&parent=95978"}],"wp:term":[{"taxonomy":"category","embeddable":true,"href":"https:\/\/www.interaccionnoticias.com.mx\/index.php?rest_route=%2Fwp%2Fv2%2Fcategories&post=95978"},{"taxonomy":"post_tag","embeddable":true,"href":"https:\/\/www.interaccionnoticias.com.mx\/index.php?rest_route=%2Fwp%2Fv2%2Ftags&post=95978"}],"curies":[{"name":"wp","href":"https:\/\/api.w.org\/{rel}","templated":true}]}}