{"id":9597,"date":"2017-10-27T22:24:36","date_gmt":"2017-10-28T03:24:36","guid":{"rendered":"http:\/\/www.inter-accion.com.mx\/?p=9597"},"modified":"2017-10-27T22:24:36","modified_gmt":"2017-10-28T03:24:36","slug":"en-guerrero-necesario-superar-las-confrontaciones-esteriles","status":"publish","type":"post","link":"https:\/\/www.interaccionnoticias.com.mx\/?p=9597","title":{"rendered":"En Guerrero, necesario superar las confrontaciones est\u00e9riles"},"content":{"rendered":"<p><strong>Conmemoran los 168 a\u00f1os de la erecci\u00f3n del estado<\/strong><br \/>\nEn la ceremonia oficial de los 168 a\u00f1os de la erecci\u00f3n del estado de Guerrero, la activista Martha S\u00e1nchez Nestor sostuvo que esta entidad no ha tenido acceso a la justicia en casos como la masacre de Aguas Blancas; El Charco, la desaparici\u00f3n de los 43 estudiantes de la Normal Rural de Ayotzinapa, as\u00ed como los constantes asesinatos y desapariciones de personas.<br \/>\nEn su mensaje, el gobernador H\u00e9ctor Astudillo Flores reconoci\u00f3 que esta entidad merece mejores condiciones de vida, por lo que llam\u00f3 a superar \u201clas confrontaciones est\u00e9riles que tanto da\u00f1o le han causado a la sociedad\u201d.<br \/>\nEn el auditorio Jos\u00e9 Joaqu\u00edn de Herrera, del Palacio de Gobierno, representantes de los tres poderes p\u00fablicos se reunieron para entregar los premios al m\u00e9rito civil, en el marco del 168 aniversario de la erecci\u00f3n del estado de Guerrero.<br \/>\nLa activista de origen Mixteco, Martha S\u00e1nchez Nestor, quien recibi\u00f3 la condecoraci\u00f3n Vicente Guerrero Salda\u00f1a, la m\u00e1s importante de la jornada habl\u00f3 sobre la necesidad de generar escenarios m\u00e1s positivos para la poblaci\u00f3n, de tal suerte que la delincuencia y la violencia no sean las \u00fanicas salidas para la juventud.<br \/>\n\u201cEso a corto tiempo sabemos que tiene un final anunciado; la muerte de cientos de guerrerenses\u201d, dijo la galardonada.<br \/>\nEn estos momentos, dijo que nadie se puede asumir como el futuro de Guerrero, \u201cpues en este tiempo y en esta hora, somos un presente generacional que camina al lado de los avances y desaf\u00edos de Guerrero, que celebra los mecanismos institucionales que hay para preservar los derechos humanos que ya se tienen en Guerrero\u201d.<br \/>\nLlam\u00f3 a la unidad para propiciar cambios verdaderos en la entidad, en el entendido que ning\u00fan cambio se ha logrado sin movilizaci\u00f3n social o voluntad pol\u00edtica.<br \/>\nDespu\u00e9s, indic\u00f3 que Guerrero no ha tenido acceso a la justicia desde la masacre de 17 campesinos en el Vado de Aguas Blancas, ocurrida en 1995 en el municipio de Coyuca de Ben\u00edtez; tambi\u00e9n cit\u00f3 el caso de la masacre de 11 milicianos del Ej\u00e9rcito Revolucionario del Pueblo Insurgente (ERPI), en 1997; la desaparici\u00f3n de los 43 estudiantes de la Normal Rural de Ayotzinapa, en septiembre de 2014 y los cientos de desaparecidos registrados en los \u00faltimos a\u00f1os.<br \/>\n\u201c Hay cosas que no nos gusta ver y escuchar, que no quisi\u00e9ramos que fuera cierto, quisi\u00e9ramos borrarlas y eliminarlas de la voluntad social, de los medios de comunicaci\u00f3n\u201d, indic\u00f3.<br \/>\n<strong>Se pierde mucho en pleitos est\u00e9riles<\/strong><br \/>\nEl gobernador H\u00e9ctor Astudillo Flores sostuvo que la mayor\u00eda de los integrantes de la sociedad, luchan de manera constante por hacer de Guerrero una tierra m\u00e1s segura, justa y pr\u00f3spera.&nbsp;&nbsp;<br \/>\nReconoci\u00f3 que ya es mucho el da\u00f1o que se ha causado por pleitos est\u00e9riles, generados por los desentendimientos constantes.<br \/>\nReconoci\u00f3 que muchas familias de Guerrero sufren por la desaparici\u00f3n y muerte de alguno de sus integrantes, lo que indic\u00f3, se debe revertir con un trabajo constante en materia de seguridad.<br \/>\nRecord\u00f3 que este viernes 27 de octubre se cumplieron dos a\u00f1os de que asumi\u00f3 la titularidad del Poder Ejecutivo local, por lo que ratific\u00f3 el compromiso de avanzar en el cambio que la poblaci\u00f3n espera.<br \/>\nDe los premios otorgados la noche del, destaca la condecoraci\u00f3n Juan N. Alvarez a Mario Melgar Adalid y la Ignacio Manuel Altamirano para el Chef Carlos Gaytan.<br \/>\nSe entreg\u00f3 el premio Nicol\u00e1s Bravo al ex arzobispo de Acapulco Carlos Garfias Merlos; la medalla Cuauht\u00e9moc a Miriam V\u00e1zquez Aceedo, Mois\u00e9s Ochoa Campos a Magdalena V\u00e1zquez de Huicochea y Manuel Meza Andraca al dirigente campesino Severo Oyorzabal D\u00edaz.&nbsp;&nbsp;&nbsp;&nbsp;&nbsp;&nbsp;<\/p>\n","protected":false},"excerpt":{"rendered":"<p>Conmemoran los 168 a\u00f1os de la erecci\u00f3n del estado En la ceremonia oficial de los 168 a\u00f1os de la erecci\u00f3n del estado de Guerrero, la activista Martha S\u00e1nchez Nestor sostuvo&hellip; <\/p>\n","protected":false},"author":1,"featured_media":0,"comment_status":"closed","ping_status":"closed","sticky":false,"template":"","format":"standard","meta":{"fifu_image_url":"","fifu_image_alt":"","footnotes":""},"categories":[8,11],"tags":[],"class_list":["post-9597","post","type-post","status-publish","format-standard","hentry","category-featured","category-guerrero"],"_links":{"self":[{"href":"https:\/\/www.interaccionnoticias.com.mx\/index.php?rest_route=\/wp\/v2\/posts\/9597","targetHints":{"allow":["GET"]}}],"collection":[{"href":"https:\/\/www.interaccionnoticias.com.mx\/index.php?rest_route=\/wp\/v2\/posts"}],"about":[{"href":"https:\/\/www.interaccionnoticias.com.mx\/index.php?rest_route=\/wp\/v2\/types\/post"}],"author":[{"embeddable":true,"href":"https:\/\/www.interaccionnoticias.com.mx\/index.php?rest_route=\/wp\/v2\/users\/1"}],"replies":[{"embeddable":true,"href":"https:\/\/www.interaccionnoticias.com.mx\/index.php?rest_route=%2Fwp%2Fv2%2Fcomments&post=9597"}],"version-history":[{"count":0,"href":"https:\/\/www.interaccionnoticias.com.mx\/index.php?rest_route=\/wp\/v2\/posts\/9597\/revisions"}],"wp:attachment":[{"href":"https:\/\/www.interaccionnoticias.com.mx\/index.php?rest_route=%2Fwp%2Fv2%2Fmedia&parent=9597"}],"wp:term":[{"taxonomy":"category","embeddable":true,"href":"https:\/\/www.interaccionnoticias.com.mx\/index.php?rest_route=%2Fwp%2Fv2%2Fcategories&post=9597"},{"taxonomy":"post_tag","embeddable":true,"href":"https:\/\/www.interaccionnoticias.com.mx\/index.php?rest_route=%2Fwp%2Fv2%2Ftags&post=9597"}],"curies":[{"name":"wp","href":"https:\/\/api.w.org\/{rel}","templated":true}]}}