{"id":95960,"date":"2025-10-02T12:06:02","date_gmt":"2025-10-02T18:06:02","guid":{"rendered":"https:\/\/www.interaccionnoticias.com.mx\/?p=95960"},"modified":"2025-10-02T12:06:03","modified_gmt":"2025-10-02T18:06:03","slug":"jubilados-y-pensionados-protestan-en-palacio-de-gobierno","status":"publish","type":"post","link":"https:\/\/www.interaccionnoticias.com.mx\/?p=95960","title":{"rendered":"Jubilados y pensionados protestan en Palacio de Gobierno"},"content":{"rendered":"\n<p><strong><em>&#8212; Exigen pagos puntuales y la intervenci\u00f3n de la Gobernadora Evelyn Salgado Pineda, para regularizar sus pagos<\/em><\/strong><\/p>\n\n\n\n<p><strong>Jes\u00fas Dorantes<\/strong><\/p>\n\n\n\n<p>Integrantes de la Asociaci\u00f3n N\u00famero 5 de Jubilados y Pensionados del Estado de Guerrero se manifestaron este jueves afuera del Palacio de Gobierno para exigir el pago puntual de sus mensualidades, acusando que desde septiembre enfrentan retrasos que afectan a m\u00e1s de 7 mil 200 trabajadores retirados.<\/p>\n\n\n\n<p>Con una lona colocada en el acceso principal del recinto oficial, los manifestantes reclamaron a la gobernadora Evelyn Salgado Pineda su intervenci\u00f3n directa, record\u00e1ndole que como presidenta de la Junta Directiva del Instituto de Seguridad Social de los Servidores P\u00fablicos del Estado de Guerrero (ISSSPEG), le corresponde garantizar que no falten los recursos destinados a las pensiones.<\/p>\n\n\n\n<p>\u201cDeber\u00edamos estar cobrando octubre, pero ni septiembre nos pagaron completo; dicen que no hay dinero, pero cada quincena descuentan a m\u00e1s de 30 mil trabajadores activos y esos recursos nunca llegan al instituto\u201d, denunciaron los inconformes, quienes advirtieron que llevan a\u00f1os enfrentando el mismo problema.<\/p>\n\n\n\n<p>Los jubilados acusaron que la falta de pagos se suma a la crisis en el ISSSTE, donde se\u00f1alaron que tampoco hay medicamentos para enfermedades cr\u00f3nicas. \u201cHace unos d\u00edas muri\u00f3 una compa\u00f1era por falta de atenci\u00f3n m\u00e9dica. Nosotros no pedimos lujos, pedimos comida y medicinas\u201d, expres\u00f3 uno de los representantes.<\/p>\n\n\n\n<p>La protesta se mantuvo de forma pac\u00edfica y sin bloqueo de calles. Sin embargo, los integrantes de la asociaci\u00f3n advirtieron que, de no resolverse la situaci\u00f3n, podr\u00edan radicalizar sus acciones en pr\u00f3ximos d\u00edas.<\/p>\n\n\n\n<p>\u201cTrabajamos 25, 30 y hasta 40 a\u00f1os para tener una jubilaci\u00f3n digna y ahora nos dicen que el instituto est\u00e1 en quiebra. Es una burla\u201d, reprocharon frente a los funcionarios estatales que salieron a dialogar con ellos, aunque sin dar una soluci\u00f3n definitiva.<\/p>\n\n\n\n<p>En la manta exhibida durante la protesta se le\u00eda: \u201cSe\u00f1ora gobernadora, le exigimos el pago oportuno y completo en tiempo y forma de nuestras mensualidades. Basta de abusos, no a la violaci\u00f3n de los derechos de jubilados y pensionados de Guerrero\u201d.<\/p>\n\n\n\n<p>Los jubilados confirmaron que permanecer\u00e1n en la exigencia hasta que \u201ccaiga el dinero\u201d, pues se\u00f1alaron que las deudas en sus hogares y los gastos m\u00e9dicos no dan espera.<\/p>\n\n\n\n<figure class=\"wp-block-gallery has-nested-images columns-default is-cropped wp-block-gallery-1 is-layout-flex wp-block-gallery-is-layout-flex\">\n<figure class=\"wp-block-image size-large\"><img decoding=\"async\" src=\"data:image\/gif;base64,R0lGODlhAQABAIAAAAAAAP\/\/\/ywAAAAAAQABAAACAUwAOw==\" fifu-lazy=\"1\" fifu-data-sizes=\"auto\" fifu-data-srcset=\"https:\/\/i1.wp.com\/www.interaccionnoticias.com.mx\/wp-content\/uploads\/2025\/10\/251002-Jubilados-y-pensionados-1.jpg?ssl=1&w=75&resize=75&ssl=1 75w, https:\/\/i1.wp.com\/www.interaccionnoticias.com.mx\/wp-content\/uploads\/2025\/10\/251002-Jubilados-y-pensionados-1.jpg?ssl=1&w=100&resize=100&ssl=1 100w, https:\/\/i1.wp.com\/www.interaccionnoticias.com.mx\/wp-content\/uploads\/2025\/10\/251002-Jubilados-y-pensionados-1.jpg?ssl=1&w=150&resize=150&ssl=1 150w, https:\/\/i1.wp.com\/www.interaccionnoticias.com.mx\/wp-content\/uploads\/2025\/10\/251002-Jubilados-y-pensionados-1.jpg?ssl=1&w=240&resize=240&ssl=1 240w, https:\/\/i1.wp.com\/www.interaccionnoticias.com.mx\/wp-content\/uploads\/2025\/10\/251002-Jubilados-y-pensionados-1.jpg?ssl=1&w=320&resize=320&ssl=1 320w, https:\/\/i1.wp.com\/www.interaccionnoticias.com.mx\/wp-content\/uploads\/2025\/10\/251002-Jubilados-y-pensionados-1.jpg?ssl=1&w=500&resize=500&ssl=1 500w, https:\/\/i1.wp.com\/www.interaccionnoticias.com.mx\/wp-content\/uploads\/2025\/10\/251002-Jubilados-y-pensionados-1.jpg?ssl=1&w=640&resize=640&ssl=1 640w, https:\/\/i1.wp.com\/www.interaccionnoticias.com.mx\/wp-content\/uploads\/2025\/10\/251002-Jubilados-y-pensionados-1.jpg?ssl=1&w=800&resize=800&ssl=1 800w, https:\/\/i1.wp.com\/www.interaccionnoticias.com.mx\/wp-content\/uploads\/2025\/10\/251002-Jubilados-y-pensionados-1.jpg?ssl=1&w=1024&resize=1024&ssl=1 1024w, https:\/\/i1.wp.com\/www.interaccionnoticias.com.mx\/wp-content\/uploads\/2025\/10\/251002-Jubilados-y-pensionados-1.jpg?ssl=1&w=1280&resize=1280&ssl=1 1280w, https:\/\/i1.wp.com\/www.interaccionnoticias.com.mx\/wp-content\/uploads\/2025\/10\/251002-Jubilados-y-pensionados-1.jpg?ssl=1&w=1600&resize=1600&ssl=1 1600w\" data-id=\"95962\" fifu-data-src=\"https:\/\/i1.wp.com\/www.interaccionnoticias.com.mx\/wp-content\/uploads\/2025\/10\/251002-Jubilados-y-pensionados-1.jpg?ssl=1\" alt=\"\" class=\"wp-image-95962\"\/><\/figure>\n\n\n\n<figure class=\"wp-block-image size-large\"><img decoding=\"async\" src=\"data:image\/gif;base64,R0lGODlhAQABAIAAAAAAAP\/\/\/ywAAAAAAQABAAACAUwAOw==\" fifu-lazy=\"1\" fifu-data-sizes=\"auto\" fifu-data-srcset=\"https:\/\/i1.wp.com\/www.interaccionnoticias.com.mx\/wp-content\/uploads\/2025\/10\/251002-Jubilados-y-pensionados-2.jpg?ssl=1&w=75&resize=75&ssl=1 75w, https:\/\/i1.wp.com\/www.interaccionnoticias.com.mx\/wp-content\/uploads\/2025\/10\/251002-Jubilados-y-pensionados-2.jpg?ssl=1&w=100&resize=100&ssl=1 100w, https:\/\/i1.wp.com\/www.interaccionnoticias.com.mx\/wp-content\/uploads\/2025\/10\/251002-Jubilados-y-pensionados-2.jpg?ssl=1&w=150&resize=150&ssl=1 150w, https:\/\/i1.wp.com\/www.interaccionnoticias.com.mx\/wp-content\/uploads\/2025\/10\/251002-Jubilados-y-pensionados-2.jpg?ssl=1&w=240&resize=240&ssl=1 240w, https:\/\/i1.wp.com\/www.interaccionnoticias.com.mx\/wp-content\/uploads\/2025\/10\/251002-Jubilados-y-pensionados-2.jpg?ssl=1&w=320&resize=320&ssl=1 320w, https:\/\/i1.wp.com\/www.interaccionnoticias.com.mx\/wp-content\/uploads\/2025\/10\/251002-Jubilados-y-pensionados-2.jpg?ssl=1&w=500&resize=500&ssl=1 500w, https:\/\/i1.wp.com\/www.interaccionnoticias.com.mx\/wp-content\/uploads\/2025\/10\/251002-Jubilados-y-pensionados-2.jpg?ssl=1&w=640&resize=640&ssl=1 640w, https:\/\/i1.wp.com\/www.interaccionnoticias.com.mx\/wp-content\/uploads\/2025\/10\/251002-Jubilados-y-pensionados-2.jpg?ssl=1&w=800&resize=800&ssl=1 800w, https:\/\/i1.wp.com\/www.interaccionnoticias.com.mx\/wp-content\/uploads\/2025\/10\/251002-Jubilados-y-pensionados-2.jpg?ssl=1&w=1024&resize=1024&ssl=1 1024w, https:\/\/i1.wp.com\/www.interaccionnoticias.com.mx\/wp-content\/uploads\/2025\/10\/251002-Jubilados-y-pensionados-2.jpg?ssl=1&w=1280&resize=1280&ssl=1 1280w, https:\/\/i1.wp.com\/www.interaccionnoticias.com.mx\/wp-content\/uploads\/2025\/10\/251002-Jubilados-y-pensionados-2.jpg?ssl=1&w=1600&resize=1600&ssl=1 1600w\" data-id=\"95961\" fifu-data-src=\"https:\/\/i1.wp.com\/www.interaccionnoticias.com.mx\/wp-content\/uploads\/2025\/10\/251002-Jubilados-y-pensionados-2.jpg?ssl=1\" alt=\"\" class=\"wp-image-95961\"\/><\/figure>\n<\/figure>\n","protected":false},"excerpt":{"rendered":"<p>&#8212; Exigen pagos puntuales y la intervenci\u00f3n de la Gobernadora Evelyn Salgado Pineda, para regularizar sus pagos Jes\u00fas Dorantes Integrantes de la Asociaci\u00f3n N\u00famero 5 de Jubilados y Pensionados del&hellip; <\/p>\n","protected":false},"author":8,"featured_media":95964,"comment_status":"open","ping_status":"open","sticky":false,"template":"","format":"standard","meta":{"fifu_image_url":"https:\/\/www.interaccionnoticias.com.mx\/wp-content\/uploads\/2025\/10\/251002-Jubilados-y-pensionados-2.jpg","fifu_image_alt":"","footnotes":""},"categories":[11],"tags":[],"class_list":["post-95960","post","type-post","status-publish","format-standard","has-post-thumbnail","hentry","category-guerrero"],"_links":{"self":[{"href":"https:\/\/www.interaccionnoticias.com.mx\/index.php?rest_route=\/wp\/v2\/posts\/95960","targetHints":{"allow":["GET"]}}],"collection":[{"href":"https:\/\/www.interaccionnoticias.com.mx\/index.php?rest_route=\/wp\/v2\/posts"}],"about":[{"href":"https:\/\/www.interaccionnoticias.com.mx\/index.php?rest_route=\/wp\/v2\/types\/post"}],"author":[{"embeddable":true,"href":"https:\/\/www.interaccionnoticias.com.mx\/index.php?rest_route=\/wp\/v2\/users\/8"}],"replies":[{"embeddable":true,"href":"https:\/\/www.interaccionnoticias.com.mx\/index.php?rest_route=%2Fwp%2Fv2%2Fcomments&post=95960"}],"version-history":[{"count":1,"href":"https:\/\/www.interaccionnoticias.com.mx\/index.php?rest_route=\/wp\/v2\/posts\/95960\/revisions"}],"predecessor-version":[{"id":95963,"href":"https:\/\/www.interaccionnoticias.com.mx\/index.php?rest_route=\/wp\/v2\/posts\/95960\/revisions\/95963"}],"wp:featuredmedia":[{"embeddable":true,"href":"https:\/\/www.interaccionnoticias.com.mx\/index.php?rest_route=\/wp\/v2\/media\/95964"}],"wp:attachment":[{"href":"https:\/\/www.interaccionnoticias.com.mx\/index.php?rest_route=%2Fwp%2Fv2%2Fmedia&parent=95960"}],"wp:term":[{"taxonomy":"category","embeddable":true,"href":"https:\/\/www.interaccionnoticias.com.mx\/index.php?rest_route=%2Fwp%2Fv2%2Fcategories&post=95960"},{"taxonomy":"post_tag","embeddable":true,"href":"https:\/\/www.interaccionnoticias.com.mx\/index.php?rest_route=%2Fwp%2Fv2%2Ftags&post=95960"}],"curies":[{"name":"wp","href":"https:\/\/api.w.org\/{rel}","templated":true}]}}