{"id":95957,"date":"2025-10-01T15:35:49","date_gmt":"2025-10-01T21:35:49","guid":{"rendered":"https:\/\/www.interaccionnoticias.com.mx\/?p=95957"},"modified":"2025-10-01T15:35:50","modified_gmt":"2025-10-01T21:35:50","slug":"dirigente-de-morena-guerrero-descarta-ataque-armado-contra-sus-instalaciones","status":"publish","type":"post","link":"https:\/\/www.interaccionnoticias.com.mx\/?p=95957","title":{"rendered":"Dirigente de MORENA-Guerrero descarta ataque armado contra sus instalaciones"},"content":{"rendered":"\n<p><strong><em>&#8212; La noche del martes 30 de septiembres, desconocidos realizaron disparos cerca de la sede del Comit\u00e9 Estatal<\/em><\/strong><\/p>\n\n\n\n<p><strong>Rogelio Agust\u00edn<\/strong><\/p>\n\n\n\n<p>El dirigente estatal de MORENA, Jacinto Gonz\u00e1lez Varona precis\u00f3 que la noche del martes 30 de septiembre desconocidos realizaron detonaciones de arma de fuego cerca de las instalaciones del Comit\u00e9 Ejecutivo Estatal (CEE), pero aclar\u00f3 que de ninguna manera se trat\u00f3 de un ataque contra dicho instituto pol\u00edtico.<\/p>\n\n\n\n<p>Gonz\u00e1lez Varona confirm\u00f3 que la noche del martes, aproximadamente 15 minutos despu\u00e9s de que \u00e9l se retirara de las oficinas del CEE del partido, una o m\u00e1s personas realizaron disparos de arma de fuego en la esquina que forman las calles Hero\u00ednas del Sur y 5 de febrero, en el barrio de San Antonio.<\/p>\n\n\n\n<p>Dicho hecho gener\u00f3 la movilizaci\u00f3n de elementos del Ej\u00e9rcito Mexicano, la Guardia Nacional (GN) y de la Polic\u00eda del Estado, que acudieron a verificar lo sucedido.<\/p>\n\n\n\n<p>Manifest\u00f3 que de acuerdo con lo que dieron a conocer las autoridades, los dos portones de acceso y las paredes del inmueble no registraron ning\u00fan impacto, por lo que dedujeron que se trat\u00f3 solo de disparos al aire.<\/p>\n\n\n\n<p>M\u00e1s a\u00fan, destac\u00f3 que hab\u00eda militantes de MORENA que se quedaron a cerrar las puertas de acceso, de tal suerte que de tratarse de un ataque directo, ellos hubieran resultado afectados, lo que no sucedi\u00f3.<\/p>\n\n\n\n<p>\u201cLo que tenemos claro es que no fue un acto en contra de las<\/p>\n\n\n\n<p>instalaciones del partido, todo ocurri\u00f3 en un punto donde no hay da\u00f1os que lamentar\u201d, indic\u00f3.<\/p>\n\n\n\n<p>Reconoci\u00f3 que todav\u00eda la noche del martes 30, hab\u00eda en la ciudad de Chilpancingo un ambiente de mucha tensi\u00f3n, por lo reciente que estaban los ataques en contra de varias unidades del transporte p\u00fablico, lo que habr\u00eda provocado el cierre de las bases del servicio for\u00e1neo y la paralizaci\u00f3n del sector educativo.<\/p>\n\n\n\n<p>Luego, ante el cuestionamiento directo, destac\u00f3 que en lo personal no ha recibido ning\u00fan tipo de amenaza, a pesar de que se ha mantenido realizando trabajo en las ocho regiones de la entidad.<\/p>\n\n\n\n<p>Tambi\u00e9n destac\u00f3 que ning\u00fan integrante del Comit\u00e9 Ejecutivo ha reportado alg\u00fan tipo de acto intimidatorio, raz\u00f3n por la que descart\u00f3 cualquier intento por generar alg\u00fan ataque a las oficinas de dicho instituto pol\u00edtico.<\/p>\n\n\n\n<p>\u201cAl menos a mi no me lo han dicho y yo tampoco he recibido ning\u00fan tipo de amenaza\u201d, enfatiz\u00f3.<\/p>\n\n\n\n<p>Gonz\u00e1lez Varona reconoci\u00f3 que el tema de la inseguridad es complejo en la entidad, pero tambi\u00e9n manifest\u00f3 que no es un asunto reciente y que \u201clas altas y bajas\u201d en dicho tema son recurrentes.<\/p>\n\n\n\n<p>\u201cNo se sabe cuando los grupos se van a enfrentar ni a hacer sus fechor\u00edas, sin embargo los tres niveles de gobierno trabajan para mantener la gobernabilidad\u201d, apunt\u00f3.<\/p>\n","protected":false},"excerpt":{"rendered":"<p>&#8212; La noche del martes 30 de septiembres, desconocidos realizaron disparos cerca de la sede del Comit\u00e9 Estatal Rogelio Agust\u00edn El dirigente estatal de MORENA, Jacinto Gonz\u00e1lez Varona precis\u00f3 que&hellip; <\/p>\n","protected":false},"author":21,"featured_media":95959,"comment_status":"open","ping_status":"open","sticky":false,"template":"","format":"standard","meta":{"fifu_image_url":"https:\/\/www.interaccionnoticias.com.mx\/wp-content\/uploads\/2024\/11\/241108-Jacinto-Gonzalez-Varona.jpg","fifu_image_alt":"","footnotes":""},"categories":[21],"tags":[],"class_list":["post-95957","post","type-post","status-publish","format-standard","has-post-thumbnail","hentry","category-politica"],"_links":{"self":[{"href":"https:\/\/www.interaccionnoticias.com.mx\/index.php?rest_route=\/wp\/v2\/posts\/95957","targetHints":{"allow":["GET"]}}],"collection":[{"href":"https:\/\/www.interaccionnoticias.com.mx\/index.php?rest_route=\/wp\/v2\/posts"}],"about":[{"href":"https:\/\/www.interaccionnoticias.com.mx\/index.php?rest_route=\/wp\/v2\/types\/post"}],"author":[{"embeddable":true,"href":"https:\/\/www.interaccionnoticias.com.mx\/index.php?rest_route=\/wp\/v2\/users\/21"}],"replies":[{"embeddable":true,"href":"https:\/\/www.interaccionnoticias.com.mx\/index.php?rest_route=%2Fwp%2Fv2%2Fcomments&post=95957"}],"version-history":[{"count":1,"href":"https:\/\/www.interaccionnoticias.com.mx\/index.php?rest_route=\/wp\/v2\/posts\/95957\/revisions"}],"predecessor-version":[{"id":95958,"href":"https:\/\/www.interaccionnoticias.com.mx\/index.php?rest_route=\/wp\/v2\/posts\/95957\/revisions\/95958"}],"wp:featuredmedia":[{"embeddable":true,"href":"https:\/\/www.interaccionnoticias.com.mx\/index.php?rest_route=\/wp\/v2\/media\/95959"}],"wp:attachment":[{"href":"https:\/\/www.interaccionnoticias.com.mx\/index.php?rest_route=%2Fwp%2Fv2%2Fmedia&parent=95957"}],"wp:term":[{"taxonomy":"category","embeddable":true,"href":"https:\/\/www.interaccionnoticias.com.mx\/index.php?rest_route=%2Fwp%2Fv2%2Fcategories&post=95957"},{"taxonomy":"post_tag","embeddable":true,"href":"https:\/\/www.interaccionnoticias.com.mx\/index.php?rest_route=%2Fwp%2Fv2%2Ftags&post=95957"}],"curies":[{"name":"wp","href":"https:\/\/api.w.org\/{rel}","templated":true}]}}