{"id":95953,"date":"2025-10-01T14:42:25","date_gmt":"2025-10-01T20:42:25","guid":{"rendered":"https:\/\/www.interaccionnoticias.com.mx\/?p=95953"},"modified":"2025-10-01T14:42:26","modified_gmt":"2025-10-01T20:42:26","slug":"lider-del-congreso-local-convoca-a-los-ayuntamientos-a-coordinarse-con-el-estado-y-la-federacion-para-temas-de-seguridad","status":"publish","type":"post","link":"https:\/\/www.interaccionnoticias.com.mx\/?p=95953","title":{"rendered":"L\u00edder del Congreso local convoca a los ayuntamientos a coordinarse con el estado y la federaci\u00f3n para temas de seguridad"},"content":{"rendered":"\n<p><strong><em>&#8212; Jes\u00fas Uri\u00f3stegui Garc\u00eda reconoci\u00f3 el avance de los gobiernos morenistas, a 7 a\u00f1os de arribar al poder en el pa\u00eds<br>&#8212; Anunci\u00f3 que la fracci\u00f3n parlamentaria de Morena acudir\u00e1 al primer informe de Claudia Sheinbaum Pardo<\/em><\/strong><\/p>\n\n\n\n<p><strong>Rosario Garc\u00eda Orozco<\/strong><\/p>\n\n\n\n<p>El presidente de la Jucopo, Jes\u00fas Uri\u00f3stegui Garc\u00eda consider\u00f3 que los presidentes municipales deben coordinarse m\u00e1s con las autoridades en materia de seguridad de la Federaci\u00f3n y del estado, para mejorar las condiciones en ese rubro.<\/p>\n\n\n\n<p>En conferencia de prensa el morenista expres\u00f3: \u00abnosotros hacemos una invitaci\u00f3n a los presidentes municipales, yo creo que hay coordinacion, pero para fortalecerla m\u00e1s. Tenemos que atender este tema puntualmente porque es la seguridad de todas y de todos\u00bb.<\/p>\n\n\n\n<p>En torno a los cuestionamientos en torno a que la estrategia de seguridad del ex presidente Andr\u00e9s Manuel L\u00f3pez Obrador, la de \u00ababrazos no balazos\u00bb no funcion\u00f3, el legislador mencion\u00f3 que \u00abson opiniones de personajes de derecha, hay partidos que gobernaron antes y que m\u00e1s de 12 o 13 a\u00f1os se registr\u00f3 un ba\u00f1o de sangre en todo el pa\u00eds, nosotros ahora vemos una estrategia donde se est\u00e1n atendiendo todos los d\u00edas, y aunque al Poder Legislativo no nos corresponde el tema de seguridad, pero observamos una coordinaci\u00f3n absoluta entre el gobierno estatal y el gobierno federal y un a atenci\u00f3n todos los d\u00edas por parte de la gobernadora Evelyn Salgado en la mesa de Coordinaci\u00f3n\u00bb.<\/p>\n\n\n\n<p>Enfatiz\u00f3 que tanto en el gobierno federal como en el estatal \u00abtodos los d\u00edas se atiende el tema de seguridad, e invitamos a todos los noveles de gobierno a que puedan coordinarse todav\u00eda m\u00e1s por el bien de la ciudadan\u00eda\u00bb.<\/p>\n\n\n\n<p>Confi\u00f3 en que las estrategias de seguridad implementadas por los gobiernos federal y estatal en Guerrero dar\u00e1n buenos resultados, y calific\u00f3 como una acci\u00f3n acertada la entrega de alrededor de 80 patrullas por parte del gobierno estatal, en un evento que se llev\u00f3 a cabo la manana de este mi\u00e9rcoles en palacio de gobierno, con la presencia de la gobernadora Evelyn Salgado Pineda.<\/p>\n\n\n\n<p>Por otro lado, Uri\u00f3stegui Garc\u00eda anunci\u00f3 que los 25 integrantes de la Fracci\u00f3n Parlamentaria de Morena acudir\u00e1n al primer informe de la presidenta Claudia Sheinbaum Pardo, que se llevar\u00e1 a cabo en la Ciudad de M\u00e9xico el pr\u00f3ximo domingo.<\/p>\n\n\n\n<p>Adem\u00e1s inform\u00f3 que la tarde de este mismo mi\u00e9rcoles se llevar\u00e1 a cabo en el edificio de la CROC de Acapulco un evento coordinado por el dirigente estatal de Morena, Jacinto Gonz\u00e1lez Varona, para conmemorar los 7 a\u00f1os \u00abde la llegada de un movimiento transformador, que es la cuarta transformaci\u00f3n\u00bb.<\/p>\n","protected":false},"excerpt":{"rendered":"<p>&#8212; Jes\u00fas Uri\u00f3stegui Garc\u00eda reconoci\u00f3 el avance de los gobiernos morenistas, a 7 a\u00f1os de arribar al poder en el pa\u00eds&#8212; Anunci\u00f3 que la fracci\u00f3n parlamentaria de Morena acudir\u00e1 al&hellip; <\/p>\n","protected":false},"author":14,"featured_media":95956,"comment_status":"open","ping_status":"open","sticky":false,"template":"","format":"standard","meta":{"fifu_image_url":"https:\/\/www.interaccionnoticias.com.mx\/wp-content\/uploads\/2025\/10\/251001-Jesus-Uriostegui-Garcia.jpg","fifu_image_alt":"","footnotes":""},"categories":[2],"tags":[],"class_list":["post-95953","post","type-post","status-publish","format-standard","has-post-thumbnail","hentry","category-congreso"],"_links":{"self":[{"href":"https:\/\/www.interaccionnoticias.com.mx\/index.php?rest_route=\/wp\/v2\/posts\/95953","targetHints":{"allow":["GET"]}}],"collection":[{"href":"https:\/\/www.interaccionnoticias.com.mx\/index.php?rest_route=\/wp\/v2\/posts"}],"about":[{"href":"https:\/\/www.interaccionnoticias.com.mx\/index.php?rest_route=\/wp\/v2\/types\/post"}],"author":[{"embeddable":true,"href":"https:\/\/www.interaccionnoticias.com.mx\/index.php?rest_route=\/wp\/v2\/users\/14"}],"replies":[{"embeddable":true,"href":"https:\/\/www.interaccionnoticias.com.mx\/index.php?rest_route=%2Fwp%2Fv2%2Fcomments&post=95953"}],"version-history":[{"count":1,"href":"https:\/\/www.interaccionnoticias.com.mx\/index.php?rest_route=\/wp\/v2\/posts\/95953\/revisions"}],"predecessor-version":[{"id":95955,"href":"https:\/\/www.interaccionnoticias.com.mx\/index.php?rest_route=\/wp\/v2\/posts\/95953\/revisions\/95955"}],"wp:featuredmedia":[{"embeddable":true,"href":"https:\/\/www.interaccionnoticias.com.mx\/index.php?rest_route=\/wp\/v2\/media\/95956"}],"wp:attachment":[{"href":"https:\/\/www.interaccionnoticias.com.mx\/index.php?rest_route=%2Fwp%2Fv2%2Fmedia&parent=95953"}],"wp:term":[{"taxonomy":"category","embeddable":true,"href":"https:\/\/www.interaccionnoticias.com.mx\/index.php?rest_route=%2Fwp%2Fv2%2Fcategories&post=95953"},{"taxonomy":"post_tag","embeddable":true,"href":"https:\/\/www.interaccionnoticias.com.mx\/index.php?rest_route=%2Fwp%2Fv2%2Ftags&post=95953"}],"curies":[{"name":"wp","href":"https:\/\/api.w.org\/{rel}","templated":true}]}}