{"id":95948,"date":"2025-10-01T14:34:26","date_gmt":"2025-10-01T20:34:26","guid":{"rendered":"https:\/\/www.interaccionnoticias.com.mx\/?p=95948"},"modified":"2025-10-01T14:34:27","modified_gmt":"2025-10-01T20:34:27","slug":"sector-transporte-y-educacion-reportan-el-100-de-reactivacion","status":"publish","type":"post","link":"https:\/\/www.interaccionnoticias.com.mx\/?p=95948","title":{"rendered":"Sector transporte y educaci\u00f3n reportan el 100 % de reactivaci\u00f3n"},"content":{"rendered":"\n<p><em><strong>&#8212; Tras dos d\u00edas de suspensi\u00f3n provocados por la violencia<\/strong><\/em><\/p>\n\n\n\n<p><strong>Jes\u00fas Dorantes<\/strong><\/p>\n\n\n\n<p>La Secretar\u00eda General de Gobierno y la Secretar\u00eda de Educaci\u00f3n Guerrero (SEG) confirmaron la reactivaci\u00f3n total de sus actividades en Chilpancingo, tras dos d\u00edas de paralizaci\u00f3n generada por la confrontaci\u00f3n entre dos grupos del crimen organizado.<\/p>\n\n\n\n<p>Como se anunci\u00f3 desde la tarde del martes 30 de septiembre, durante las primeras horas de este mi\u00e9rcoles 1 de octubre los trabajadores del volante que cubren las rutas for\u00e1neas del Circuito R\u00edo Azul y de los pueblos del Valle regresaron a sus bases, ubicadas en diferentes puntos del centro de la ciudad.<\/p>\n\n\n\n<p>Tambi\u00e9n regresaron a la circulaci\u00f3n las unidades que cubren m\u00e1s de 400 colonias del interior de la ciudad, lo que tambi\u00e9n permiti\u00f3 el traslado hacia las oficinas en el Ayuntamiento, Palacio de Gobierno y las oficinas de Organismos P\u00fablicos Descentralizados (OPDs), entre otros.<\/p>\n\n\n\n<p>Fue notable que las unidades tipo urvan, que son mayor\u00eda en la capital del estado, comenzaron a circular de manera habitual, despu\u00e9s de que permanecieran mayoritariamente inmovilizadas los d\u00edas lunes y martes.<\/p>\n\n\n\n<p>El subsecretario de Asuntos Pol\u00edticos de la Secretar\u00eda General de Gobierno, Francisco Rodr\u00edguez Cisneros confirm\u00f3 que la Comisi\u00f3n T\u00e9cnica de Transporte y Vialidad (CTTV) hab\u00eda verificado que todas las rutas se encontraban cubiertas.<\/p>\n\n\n\n<p>V\u00eda telef\u00f3nica y de manera escueta, el titular de la Secretar\u00eda de Educaci\u00f3n Guerrero (SEG), Ricardo Castillo Pe\u00f1a, confirm\u00f3 que todas las escuelas de la ciudad retomaron sus actividades al cien por ciento.<\/p>\n\n\n\n<p>El regreso a la normalidad se dio luego de la puesta en marcha de un mega operativo federal y estatal, en el que participan elementos del Ej\u00e9rcito Mexicano; Guardia Nacional (GN), Polic\u00eda del Estado, municipal y personal de la Marina.<\/p>\n\n\n\n<p>Las autoridades instalaron filtros de seguridad en puntos estrat\u00e9gicos de la ciudad y patrullan de manera permanente las colonias y vialidades principales.<\/p>\n\n\n\n<p>La situaci\u00f3n por la que se deriv\u00f3 la suspensi\u00f3n de clases y transporte p\u00fablico comenz\u00f3 la tarde del domingo, tras la quema de un cami\u00f3n de la empresa R\u00edo Azul, en la ruta Chilpancingo\u2013Colotlipa, seguida del ataque a una Urvan con saldo de dos pasajeros lesionados y el incendio de un taxi en el Valle del Ocotito.<\/p>\n\n\n\n<p>El \u00faltimo incidente se registr\u00f3 el lunes, cuando fue incendiada una unidad de la ruta Chilpancingo\u2013Chilapa en su base, junto al Mercado Baltazar R. Leyva Mancilla.<\/p>\n\n\n\n<figure class=\"wp-block-gallery has-nested-images columns-default is-cropped wp-block-gallery-1 is-layout-flex wp-block-gallery-is-layout-flex\">\n<figure class=\"wp-block-image size-large\"><img decoding=\"async\" src=\"data:image\/gif;base64,R0lGODlhAQABAIAAAAAAAP\/\/\/ywAAAAAAQABAAACAUwAOw==\" fifu-lazy=\"1\" fifu-data-sizes=\"auto\" fifu-data-srcset=\"https:\/\/i2.wp.com\/www.interaccionnoticias.com.mx\/wp-content\/uploads\/2025\/10\/251001-transporte-educacion-reactivacion-2.jpg?ssl=1&w=75&resize=75&ssl=1 75w, https:\/\/i2.wp.com\/www.interaccionnoticias.com.mx\/wp-content\/uploads\/2025\/10\/251001-transporte-educacion-reactivacion-2.jpg?ssl=1&w=100&resize=100&ssl=1 100w, https:\/\/i2.wp.com\/www.interaccionnoticias.com.mx\/wp-content\/uploads\/2025\/10\/251001-transporte-educacion-reactivacion-2.jpg?ssl=1&w=150&resize=150&ssl=1 150w, https:\/\/i2.wp.com\/www.interaccionnoticias.com.mx\/wp-content\/uploads\/2025\/10\/251001-transporte-educacion-reactivacion-2.jpg?ssl=1&w=240&resize=240&ssl=1 240w, https:\/\/i2.wp.com\/www.interaccionnoticias.com.mx\/wp-content\/uploads\/2025\/10\/251001-transporte-educacion-reactivacion-2.jpg?ssl=1&w=320&resize=320&ssl=1 320w, https:\/\/i2.wp.com\/www.interaccionnoticias.com.mx\/wp-content\/uploads\/2025\/10\/251001-transporte-educacion-reactivacion-2.jpg?ssl=1&w=500&resize=500&ssl=1 500w, https:\/\/i2.wp.com\/www.interaccionnoticias.com.mx\/wp-content\/uploads\/2025\/10\/251001-transporte-educacion-reactivacion-2.jpg?ssl=1&w=640&resize=640&ssl=1 640w, https:\/\/i2.wp.com\/www.interaccionnoticias.com.mx\/wp-content\/uploads\/2025\/10\/251001-transporte-educacion-reactivacion-2.jpg?ssl=1&w=800&resize=800&ssl=1 800w, https:\/\/i2.wp.com\/www.interaccionnoticias.com.mx\/wp-content\/uploads\/2025\/10\/251001-transporte-educacion-reactivacion-2.jpg?ssl=1&w=1024&resize=1024&ssl=1 1024w, https:\/\/i2.wp.com\/www.interaccionnoticias.com.mx\/wp-content\/uploads\/2025\/10\/251001-transporte-educacion-reactivacion-2.jpg?ssl=1&w=1280&resize=1280&ssl=1 1280w, https:\/\/i2.wp.com\/www.interaccionnoticias.com.mx\/wp-content\/uploads\/2025\/10\/251001-transporte-educacion-reactivacion-2.jpg?ssl=1&w=1600&resize=1600&ssl=1 1600w\" data-id=\"95949\" fifu-data-src=\"https:\/\/i2.wp.com\/www.interaccionnoticias.com.mx\/wp-content\/uploads\/2025\/10\/251001-transporte-educacion-reactivacion-2.jpg?ssl=1\" alt=\"\" class=\"wp-image-95949\"\/><\/figure>\n\n\n\n<figure class=\"wp-block-image size-large\"><img decoding=\"async\" src=\"data:image\/gif;base64,R0lGODlhAQABAIAAAAAAAP\/\/\/ywAAAAAAQABAAACAUwAOw==\" fifu-lazy=\"1\" fifu-data-sizes=\"auto\" fifu-data-srcset=\"https:\/\/i2.wp.com\/www.interaccionnoticias.com.mx\/wp-content\/uploads\/2025\/10\/251001-transporte-educacion-reactivacion-1.jpg?ssl=1&w=75&resize=75&ssl=1 75w, https:\/\/i2.wp.com\/www.interaccionnoticias.com.mx\/wp-content\/uploads\/2025\/10\/251001-transporte-educacion-reactivacion-1.jpg?ssl=1&w=100&resize=100&ssl=1 100w, https:\/\/i2.wp.com\/www.interaccionnoticias.com.mx\/wp-content\/uploads\/2025\/10\/251001-transporte-educacion-reactivacion-1.jpg?ssl=1&w=150&resize=150&ssl=1 150w, https:\/\/i2.wp.com\/www.interaccionnoticias.com.mx\/wp-content\/uploads\/2025\/10\/251001-transporte-educacion-reactivacion-1.jpg?ssl=1&w=240&resize=240&ssl=1 240w, https:\/\/i2.wp.com\/www.interaccionnoticias.com.mx\/wp-content\/uploads\/2025\/10\/251001-transporte-educacion-reactivacion-1.jpg?ssl=1&w=320&resize=320&ssl=1 320w, https:\/\/i2.wp.com\/www.interaccionnoticias.com.mx\/wp-content\/uploads\/2025\/10\/251001-transporte-educacion-reactivacion-1.jpg?ssl=1&w=500&resize=500&ssl=1 500w, https:\/\/i2.wp.com\/www.interaccionnoticias.com.mx\/wp-content\/uploads\/2025\/10\/251001-transporte-educacion-reactivacion-1.jpg?ssl=1&w=640&resize=640&ssl=1 640w, https:\/\/i2.wp.com\/www.interaccionnoticias.com.mx\/wp-content\/uploads\/2025\/10\/251001-transporte-educacion-reactivacion-1.jpg?ssl=1&w=800&resize=800&ssl=1 800w, https:\/\/i2.wp.com\/www.interaccionnoticias.com.mx\/wp-content\/uploads\/2025\/10\/251001-transporte-educacion-reactivacion-1.jpg?ssl=1&w=1024&resize=1024&ssl=1 1024w, https:\/\/i2.wp.com\/www.interaccionnoticias.com.mx\/wp-content\/uploads\/2025\/10\/251001-transporte-educacion-reactivacion-1.jpg?ssl=1&w=1280&resize=1280&ssl=1 1280w, https:\/\/i2.wp.com\/www.interaccionnoticias.com.mx\/wp-content\/uploads\/2025\/10\/251001-transporte-educacion-reactivacion-1.jpg?ssl=1&w=1600&resize=1600&ssl=1 1600w\" data-id=\"95950\" fifu-data-src=\"https:\/\/i2.wp.com\/www.interaccionnoticias.com.mx\/wp-content\/uploads\/2025\/10\/251001-transporte-educacion-reactivacion-1.jpg?ssl=1\" alt=\"\" class=\"wp-image-95950\"\/><\/figure>\n<\/figure>\n","protected":false},"excerpt":{"rendered":"<p>&#8212; Tras dos d\u00edas de suspensi\u00f3n provocados por la violencia Jes\u00fas Dorantes La Secretar\u00eda General de Gobierno y la Secretar\u00eda de Educaci\u00f3n Guerrero (SEG) confirmaron la reactivaci\u00f3n total de sus&hellip; <\/p>\n","protected":false},"author":8,"featured_media":95952,"comment_status":"open","ping_status":"open","sticky":false,"template":"","format":"standard","meta":{"fifu_image_url":"https:\/\/www.interaccionnoticias.com.mx\/wp-content\/uploads\/2025\/10\/251001-transporte-educacion-reactivacion-1.jpg","fifu_image_alt":"","footnotes":""},"categories":[13],"tags":[],"class_list":["post-95948","post","type-post","status-publish","format-standard","has-post-thumbnail","hentry","category-capital"],"_links":{"self":[{"href":"https:\/\/www.interaccionnoticias.com.mx\/index.php?rest_route=\/wp\/v2\/posts\/95948","targetHints":{"allow":["GET"]}}],"collection":[{"href":"https:\/\/www.interaccionnoticias.com.mx\/index.php?rest_route=\/wp\/v2\/posts"}],"about":[{"href":"https:\/\/www.interaccionnoticias.com.mx\/index.php?rest_route=\/wp\/v2\/types\/post"}],"author":[{"embeddable":true,"href":"https:\/\/www.interaccionnoticias.com.mx\/index.php?rest_route=\/wp\/v2\/users\/8"}],"replies":[{"embeddable":true,"href":"https:\/\/www.interaccionnoticias.com.mx\/index.php?rest_route=%2Fwp%2Fv2%2Fcomments&post=95948"}],"version-history":[{"count":1,"href":"https:\/\/www.interaccionnoticias.com.mx\/index.php?rest_route=\/wp\/v2\/posts\/95948\/revisions"}],"predecessor-version":[{"id":95951,"href":"https:\/\/www.interaccionnoticias.com.mx\/index.php?rest_route=\/wp\/v2\/posts\/95948\/revisions\/95951"}],"wp:featuredmedia":[{"embeddable":true,"href":"https:\/\/www.interaccionnoticias.com.mx\/index.php?rest_route=\/wp\/v2\/media\/95952"}],"wp:attachment":[{"href":"https:\/\/www.interaccionnoticias.com.mx\/index.php?rest_route=%2Fwp%2Fv2%2Fmedia&parent=95948"}],"wp:term":[{"taxonomy":"category","embeddable":true,"href":"https:\/\/www.interaccionnoticias.com.mx\/index.php?rest_route=%2Fwp%2Fv2%2Fcategories&post=95948"},{"taxonomy":"post_tag","embeddable":true,"href":"https:\/\/www.interaccionnoticias.com.mx\/index.php?rest_route=%2Fwp%2Fv2%2Ftags&post=95948"}],"curies":[{"name":"wp","href":"https:\/\/api.w.org\/{rel}","templated":true}]}}