{"id":95944,"date":"2025-10-01T11:55:00","date_gmt":"2025-10-01T17:55:00","guid":{"rendered":"https:\/\/www.interaccionnoticias.com.mx\/?p=95944"},"modified":"2025-10-01T12:18:19","modified_gmt":"2025-10-01T18:18:19","slug":"crac-pf-se-deslinda-de-ataque-en-san-jeronimo-palantla","status":"publish","type":"post","link":"https:\/\/www.interaccionnoticias.com.mx\/?p=95944","title":{"rendered":"CRAC-PF se deslinda de ataque en San Jer\u00f3nimo Palantla"},"content":{"rendered":"\n<p><em><strong>&#8212; Exigen no responsabilizar a comunidades de Alcozac\u00e1n<br>&#8212; Advierten que cada hecho de violencia en la regi\u00f3n se les intenta atribuir sin pruebas<\/strong><\/em><\/p>\n\n\n\n<p><strong>Jes\u00fas Dorantes<\/strong><\/p>\n\n\n\n<p>La Coordinadora Regional de Autoridades Comunitarias-Pueblos Fundadores (CRAC-PF), con sede en Alcozac\u00e1n, se deslind\u00f3 de los hechos violentos ocurridos la madrugada del 28 de septiembre en San Jer\u00f3nimo Palantla, municipio de Chilapa de \u00c1lvarez.<\/p>\n\n\n\n<p>En un pronunciamiento, la organizaci\u00f3n comunitaria advirti\u00f3 que cada vez que ocurre un ataque en San Jer\u00f3nimo se les pretende responsabilizar sin sustento, lo que pone en riesgo a las comunidades que integran la coordinadora.<\/p>\n\n\n\n<p>\u201cQueremos dejar claro que no tenemos territorio ni presencia en San Jer\u00f3nimo Palantla, ese conflicto no nos corresponde y cualquier se\u00f1alamiento en nuestra contra carece de fundamento\u201d, se\u00f1alaron.<\/p>\n\n\n\n<p>La CRAC-PF subray\u00f3 que su sistema de justicia se rige por usos y costumbres, y que en caso de que alg\u00fan integrante cometa delitos, ellos mismos lo detienen y lo entregan a las autoridades competentes.<\/p>\n\n\n\n<p>El deslinde se produjo luego de que la dirigente del Frente Popular Francisco Villa, Clemencia Guevara Tejedor, acusara p\u00fablicamente a hombres armados de irrumpir en San Jer\u00f3nimo Palantla y asesinar a Valeriano Tolentino Calvario, adem\u00e1s de dejar heridos a Constantino Calvario Merino y Teodoro Bola\u00f1os Merino.<\/p>\n\n\n\n<p>Seg\u00fan la denuncia los responsables ser\u00edan ex pobladores de San Jer\u00f3nimo que ahora viven en la colonia \u201cNuevo Amanecer\u201d y presuntamente mantienen v\u00ednculos con la polic\u00eda comunitaria de Alcozac\u00e1n.<\/p>\n","protected":false},"excerpt":{"rendered":"<p>&#8212; Exigen no responsabilizar a comunidades de Alcozac\u00e1n&#8212; Advierten que cada hecho de violencia en la regi\u00f3n se les intenta atribuir sin pruebas Jes\u00fas Dorantes La Coordinadora Regional de Autoridades&hellip; <\/p>\n","protected":false},"author":8,"featured_media":95947,"comment_status":"open","ping_status":"open","sticky":false,"template":"","format":"standard","meta":{"fifu_image_url":"https:\/\/www.interaccionnoticias.com.mx\/wp-content\/uploads\/2025\/10\/251001-CRAC-PF.jpg","fifu_image_alt":"","footnotes":""},"categories":[15],"tags":[],"class_list":["post-95944","post","type-post","status-publish","format-standard","has-post-thumbnail","hentry","category-movimientos-sociales"],"_links":{"self":[{"href":"https:\/\/www.interaccionnoticias.com.mx\/index.php?rest_route=\/wp\/v2\/posts\/95944","targetHints":{"allow":["GET"]}}],"collection":[{"href":"https:\/\/www.interaccionnoticias.com.mx\/index.php?rest_route=\/wp\/v2\/posts"}],"about":[{"href":"https:\/\/www.interaccionnoticias.com.mx\/index.php?rest_route=\/wp\/v2\/types\/post"}],"author":[{"embeddable":true,"href":"https:\/\/www.interaccionnoticias.com.mx\/index.php?rest_route=\/wp\/v2\/users\/8"}],"replies":[{"embeddable":true,"href":"https:\/\/www.interaccionnoticias.com.mx\/index.php?rest_route=%2Fwp%2Fv2%2Fcomments&post=95944"}],"version-history":[{"count":1,"href":"https:\/\/www.interaccionnoticias.com.mx\/index.php?rest_route=\/wp\/v2\/posts\/95944\/revisions"}],"predecessor-version":[{"id":95946,"href":"https:\/\/www.interaccionnoticias.com.mx\/index.php?rest_route=\/wp\/v2\/posts\/95944\/revisions\/95946"}],"wp:featuredmedia":[{"embeddable":true,"href":"https:\/\/www.interaccionnoticias.com.mx\/index.php?rest_route=\/wp\/v2\/media\/95947"}],"wp:attachment":[{"href":"https:\/\/www.interaccionnoticias.com.mx\/index.php?rest_route=%2Fwp%2Fv2%2Fmedia&parent=95944"}],"wp:term":[{"taxonomy":"category","embeddable":true,"href":"https:\/\/www.interaccionnoticias.com.mx\/index.php?rest_route=%2Fwp%2Fv2%2Fcategories&post=95944"},{"taxonomy":"post_tag","embeddable":true,"href":"https:\/\/www.interaccionnoticias.com.mx\/index.php?rest_route=%2Fwp%2Fv2%2Ftags&post=95944"}],"curies":[{"name":"wp","href":"https:\/\/api.w.org\/{rel}","templated":true}]}}