{"id":95919,"date":"2025-09-30T17:30:11","date_gmt":"2025-09-30T23:30:11","guid":{"rendered":"https:\/\/www.interaccionnoticias.com.mx\/?p=95919"},"modified":"2025-09-30T17:30:12","modified_gmt":"2025-09-30T23:30:12","slug":"respalda-lider-del-congreso-recorridos-de-la-gobernadora-en-operativo-de-seguridad-de-chilpancingo","status":"publish","type":"post","link":"https:\/\/www.interaccionnoticias.com.mx\/?p=95919","title":{"rendered":"Respalda l\u00edder del Congreso, recorridos de la gobernadora en operativo de seguridad de Chilpancingo"},"content":{"rendered":"\n<p><strong><em>&#8212; El problema que vive la capital de Guerrero es a\u00f1ejo, asegura el presidente de la JUCOPO, Jes\u00fas Uri\u00f3stegui Garc\u00eda<\/em><\/strong><\/p>\n\n\n\n<p><strong>Rogelio Agust\u00edn<\/strong><\/p>\n\n\n\n<p>El presidente de la Junta de Coordinaci\u00f3n Pol\u00edtica (JUCOPO) del Congreso local, Jes\u00fas Uri\u00f3stegui Garc\u00eda respald\u00f3 el recorrido que la gobernadora de Guerrero, Evelyn Salgado Pineda realiz\u00f3 en los filtros de seguridad que fuerzas federales y estatales instalaron en la capital de Guerrero.<\/p>\n\n\n\n<p>Uri\u00f3stegui Garc\u00eda destac\u00f3 que m\u00e1s all\u00e1 de los cuestionamientos que se pudieran plantear, la actividad personal que la jefa del Poder Ejecutivo local despleg\u00f3 el lunes 29 de septiembre, deja el mensaje de que en momentos dif\u00edciles como los que enfrenta Chilpancingo, existe una estrecha vinculaci\u00f3n entre el Estado y la Federaci\u00f3n.<\/p>\n\n\n\n<p>Dijo que lo que se debe apreciar, es que desde que se desataron los ataques en contra de unidades del transporte p\u00fablico, hubo presencia de la Polic\u00eda del Estado, la Guardia Nacional (GN) y el Ej\u00e9rcito Mexicano.<\/p>\n\n\n\n<p>Indic\u00f3 que no se debe quitar el dedo del rengl\u00f3n, en el sentido de impulsar acciones para recuperar la tranquilidad en la capital y en otras partes de la entidad.<\/p>\n\n\n\n<p>Aclar\u00f3 que el tema no es reciente, tiene ya mucho tiempo que ha lacerado y la poblaci\u00f3n y por eso es que se impulsan acciones de car\u00e1cter integral, porque la problem\u00e1tica no se resolver\u00e1 desde una perspectiva polic\u00edaca.<\/p>\n\n\n\n<p>Indic\u00f3 que la gobernadora se ha reunido de manera constante con la federaci\u00f3n y desde el Congreso se le ha respaldado, porque en ese tipo de asuntos se debe hacer causa com\u00fan entre los tres poderes p\u00fablicos y en todos los niveles.<\/p>\n","protected":false},"excerpt":{"rendered":"<p>&#8212; El problema que vive la capital de Guerrero es a\u00f1ejo, asegura el presidente de la JUCOPO, Jes\u00fas Uri\u00f3stegui Garc\u00eda Rogelio Agust\u00edn El presidente de la Junta de Coordinaci\u00f3n Pol\u00edtica&hellip; <\/p>\n","protected":false},"author":21,"featured_media":95922,"comment_status":"open","ping_status":"open","sticky":false,"template":"","format":"standard","meta":{"fifu_image_url":"https:\/\/www.interaccionnoticias.com.mx\/wp-content\/uploads\/2025\/09\/250930-Jesus-Uriostegui-Garcia-1.jpg","fifu_image_alt":"","footnotes":""},"categories":[2],"tags":[],"class_list":["post-95919","post","type-post","status-publish","format-standard","has-post-thumbnail","hentry","category-congreso"],"_links":{"self":[{"href":"https:\/\/www.interaccionnoticias.com.mx\/index.php?rest_route=\/wp\/v2\/posts\/95919","targetHints":{"allow":["GET"]}}],"collection":[{"href":"https:\/\/www.interaccionnoticias.com.mx\/index.php?rest_route=\/wp\/v2\/posts"}],"about":[{"href":"https:\/\/www.interaccionnoticias.com.mx\/index.php?rest_route=\/wp\/v2\/types\/post"}],"author":[{"embeddable":true,"href":"https:\/\/www.interaccionnoticias.com.mx\/index.php?rest_route=\/wp\/v2\/users\/21"}],"replies":[{"embeddable":true,"href":"https:\/\/www.interaccionnoticias.com.mx\/index.php?rest_route=%2Fwp%2Fv2%2Fcomments&post=95919"}],"version-history":[{"count":1,"href":"https:\/\/www.interaccionnoticias.com.mx\/index.php?rest_route=\/wp\/v2\/posts\/95919\/revisions"}],"predecessor-version":[{"id":95921,"href":"https:\/\/www.interaccionnoticias.com.mx\/index.php?rest_route=\/wp\/v2\/posts\/95919\/revisions\/95921"}],"wp:featuredmedia":[{"embeddable":true,"href":"https:\/\/www.interaccionnoticias.com.mx\/index.php?rest_route=\/wp\/v2\/media\/95922"}],"wp:attachment":[{"href":"https:\/\/www.interaccionnoticias.com.mx\/index.php?rest_route=%2Fwp%2Fv2%2Fmedia&parent=95919"}],"wp:term":[{"taxonomy":"category","embeddable":true,"href":"https:\/\/www.interaccionnoticias.com.mx\/index.php?rest_route=%2Fwp%2Fv2%2Fcategories&post=95919"},{"taxonomy":"post_tag","embeddable":true,"href":"https:\/\/www.interaccionnoticias.com.mx\/index.php?rest_route=%2Fwp%2Fv2%2Ftags&post=95919"}],"curies":[{"name":"wp","href":"https:\/\/api.w.org\/{rel}","templated":true}]}}