{"id":95915,"date":"2025-09-30T17:08:24","date_gmt":"2025-09-30T23:08:24","guid":{"rendered":"https:\/\/www.interaccionnoticias.com.mx\/?p=95915"},"modified":"2025-09-30T17:08:25","modified_gmt":"2025-09-30T23:08:25","slug":"incendio-en-vehiculo-de-transporte-publico-moviliza-corporaciones-de-seguridad","status":"publish","type":"post","link":"https:\/\/www.interaccionnoticias.com.mx\/?p=95915","title":{"rendered":"Incendio en veh\u00edculo de transporte p\u00fablico moviliza corporaciones de seguridad"},"content":{"rendered":"\n<p><em><strong>&#8212; Se prendi\u00f3 la unidad por un corto circuito, informaron autoridades<\/strong><\/em><\/p>\n\n\n\n<p><strong>Rosario Garc\u00eda Orozco<\/strong><\/p>\n\n\n\n<p>El incendio de una camioneta del servicio Mixto de transporte p\u00fablico, provoc\u00f3 la movilizaci\u00f3n de varias corporaciones policiacas, as\u00ed como de elementos de Bomberos del estado y el municipio de Chilpancingo.<\/p>\n\n\n\n<p>El siniestro se registr\u00f3 en el Fraccionamiento Cumbres de esta ciudad capital, pero a diferencia de los hechos del domingo y lunes, no fue provocado, sino que se trat\u00f3 de un corto circuito que provoc\u00f3 que el sistema el\u00e9ctrico y varias partes del motor se quemaran.<\/p>\n\n\n\n<p>Al lugar llegaron elementos de la Guardia Nacional, de la Polic\u00eda del Estado y de la Polic\u00eda Preventiva, personal de Bomberos estatal y municipal, as\u00ed como peritos de la Fiscal\u00eda General del Estado, en total 30 unidades del corporaciones de seguridad, quienes informaron que no se trat\u00f3 de un incendio provocado, sino de una falla mec\u00e1nica de la camineta mixta con el n\u00famero econ\u00f3mico 145.<\/p>\n\n\n\n<p>Cuestionado por los elementos de seguridad, el chofer de la unidad de transporte p\u00fablico, quien no dio su nombre, neg\u00f3 que haya sido agredido por alg\u00fan grupo delincuencial, y sostuvo que fue un problema mec\u00e1nico lo que provoc\u00f3 que unos cables en el interior del cofre se prendieran y quemaran otras partes del motor de la unidad.<\/p>\n\n\n\n<p>Como se recordar\u00e1, la jornada del domingo y el lunes pasado se registraron los incendios de 4 unidades del transporte p\u00fablico en distintos puntos de esta ciudad capital, lo que provoc\u00f3 la suspensi\u00f3n del servicio de transporte, y en consecuencia no ha habido clases ni actividades en algunas dependencias.<\/p>\n","protected":false},"excerpt":{"rendered":"<p>&#8212; Se prendi\u00f3 la unidad por un corto circuito, informaron autoridades Rosario Garc\u00eda Orozco El incendio de una camioneta del servicio Mixto de transporte p\u00fablico, provoc\u00f3 la movilizaci\u00f3n de varias&hellip; <\/p>\n","protected":false},"author":14,"featured_media":95918,"comment_status":"open","ping_status":"open","sticky":false,"template":"","format":"standard","meta":{"fifu_image_url":"https:\/\/www.interaccionnoticias.com.mx\/wp-content\/uploads\/2025\/09\/250930-Incendio-en-vehiculo.jpg","fifu_image_alt":"","footnotes":""},"categories":[13],"tags":[],"class_list":["post-95915","post","type-post","status-publish","format-standard","has-post-thumbnail","hentry","category-capital"],"_links":{"self":[{"href":"https:\/\/www.interaccionnoticias.com.mx\/index.php?rest_route=\/wp\/v2\/posts\/95915","targetHints":{"allow":["GET"]}}],"collection":[{"href":"https:\/\/www.interaccionnoticias.com.mx\/index.php?rest_route=\/wp\/v2\/posts"}],"about":[{"href":"https:\/\/www.interaccionnoticias.com.mx\/index.php?rest_route=\/wp\/v2\/types\/post"}],"author":[{"embeddable":true,"href":"https:\/\/www.interaccionnoticias.com.mx\/index.php?rest_route=\/wp\/v2\/users\/14"}],"replies":[{"embeddable":true,"href":"https:\/\/www.interaccionnoticias.com.mx\/index.php?rest_route=%2Fwp%2Fv2%2Fcomments&post=95915"}],"version-history":[{"count":1,"href":"https:\/\/www.interaccionnoticias.com.mx\/index.php?rest_route=\/wp\/v2\/posts\/95915\/revisions"}],"predecessor-version":[{"id":95917,"href":"https:\/\/www.interaccionnoticias.com.mx\/index.php?rest_route=\/wp\/v2\/posts\/95915\/revisions\/95917"}],"wp:featuredmedia":[{"embeddable":true,"href":"https:\/\/www.interaccionnoticias.com.mx\/index.php?rest_route=\/wp\/v2\/media\/95918"}],"wp:attachment":[{"href":"https:\/\/www.interaccionnoticias.com.mx\/index.php?rest_route=%2Fwp%2Fv2%2Fmedia&parent=95915"}],"wp:term":[{"taxonomy":"category","embeddable":true,"href":"https:\/\/www.interaccionnoticias.com.mx\/index.php?rest_route=%2Fwp%2Fv2%2Fcategories&post=95915"},{"taxonomy":"post_tag","embeddable":true,"href":"https:\/\/www.interaccionnoticias.com.mx\/index.php?rest_route=%2Fwp%2Fv2%2Ftags&post=95915"}],"curies":[{"name":"wp","href":"https:\/\/api.w.org\/{rel}","templated":true}]}}