{"id":95855,"date":"2025-09-29T18:29:39","date_gmt":"2025-09-30T00:29:39","guid":{"rendered":"https:\/\/www.interaccionnoticias.com.mx\/?p=95855"},"modified":"2025-09-29T18:29:40","modified_gmt":"2025-09-30T00:29:40","slug":"el-iepc-y-el-inpi-capacitan-a-mujeres-indigenas-y-afromexicanas","status":"publish","type":"post","link":"https:\/\/www.interaccionnoticias.com.mx\/?p=95855","title":{"rendered":"El IEPC y el INPI capacitan a mujeres ind\u00edgenas y afromexicanas"},"content":{"rendered":"\n<p><strong><em>&#8212; Se trata de que conozcan sus derechos y los difundan en sus comunidades<\/em><\/strong><\/p>\n\n\n\n<p><strong>Rosario Garc\u00eda Orozco<\/strong><\/p>\n\n\n\n<p>El Instituto Electoral y de Participaci\u00f3n Ciudadana (IEPC) y el Instituto Nacional de los Pueblos Ind\u00edgenas (INPI) brindan capacitaci\u00f3n pol\u00edticas para mujeres ind\u00edgenas y afromexicanas que sean autoridades comunitarias.<\/p>\n\n\n\n<p>La presidenta del IEPC, Luz Fabiola Matildes Gama, mencion\u00f3 que esa capacitaci\u00f3n forma parte de la Escuela Regional de Capacitaci\u00f3n Pol\u00edtica de las Mujeres.<\/p>\n\n\n\n<p>Explic\u00f3 que esa preparaci\u00f3n pol\u00edtica es para dar cumplimiento con lo que dispone el art\u00edculo 2 Constitucional en el apartado B, que hace referencia a la igualdad sustantiva entre mujeres y hombres, \u00aby para eso estamos trabajando de manera coordinada con el INPI para que las mujeres conozcan sus derechos y los transmitan en sus comunidades, para que de esa manera los ejerzan todas las mujeres\u00bb.<\/p>\n\n\n\n<p>Principalmente asisten a esas capacitaciones las mujeres ind\u00edgenas en Tlapa y afromexicanas en Marquelia, que tienen alguna responsabilidad en sus localidades, como comisar\u00edas o de otro tipo.<\/p>\n\n\n\n<p>Para el caso de Tlapa, mencion\u00f3 que se inscribieron m\u00e1s de 100 mujeres ind\u00edgenas, mientras que en Marquelia fueron m\u00e1s de 70 las mujeres afromexicanas, quienes se capacitaron.<\/p>\n\n\n\n<p>Agreg\u00f3 que el curso ser\u00e1 por tres semanas, el fin de semana pasado fue la primer parte de la capacitaci\u00f3n en ambas sedes, para preparar a las mujeres en liderazgos comunitarios.<\/p>\n","protected":false},"excerpt":{"rendered":"<p>&#8212; Se trata de que conozcan sus derechos y los difundan en sus comunidades Rosario Garc\u00eda Orozco El Instituto Electoral y de Participaci\u00f3n Ciudadana (IEPC) y el Instituto Nacional de&hellip; <\/p>\n","protected":false},"author":14,"featured_media":95858,"comment_status":"open","ping_status":"open","sticky":false,"template":"","format":"standard","meta":{"fifu_image_url":"https:\/\/www.interaccionnoticias.com.mx\/wp-content\/uploads\/2025\/09\/250929-IEPC-y-el-INPI.jpg","fifu_image_alt":"","footnotes":""},"categories":[17],"tags":[],"class_list":["post-95855","post","type-post","status-publish","format-standard","has-post-thumbnail","hentry","category-organos-electorales"],"_links":{"self":[{"href":"https:\/\/www.interaccionnoticias.com.mx\/index.php?rest_route=\/wp\/v2\/posts\/95855","targetHints":{"allow":["GET"]}}],"collection":[{"href":"https:\/\/www.interaccionnoticias.com.mx\/index.php?rest_route=\/wp\/v2\/posts"}],"about":[{"href":"https:\/\/www.interaccionnoticias.com.mx\/index.php?rest_route=\/wp\/v2\/types\/post"}],"author":[{"embeddable":true,"href":"https:\/\/www.interaccionnoticias.com.mx\/index.php?rest_route=\/wp\/v2\/users\/14"}],"replies":[{"embeddable":true,"href":"https:\/\/www.interaccionnoticias.com.mx\/index.php?rest_route=%2Fwp%2Fv2%2Fcomments&post=95855"}],"version-history":[{"count":1,"href":"https:\/\/www.interaccionnoticias.com.mx\/index.php?rest_route=\/wp\/v2\/posts\/95855\/revisions"}],"predecessor-version":[{"id":95857,"href":"https:\/\/www.interaccionnoticias.com.mx\/index.php?rest_route=\/wp\/v2\/posts\/95855\/revisions\/95857"}],"wp:featuredmedia":[{"embeddable":true,"href":"https:\/\/www.interaccionnoticias.com.mx\/index.php?rest_route=\/wp\/v2\/media\/95858"}],"wp:attachment":[{"href":"https:\/\/www.interaccionnoticias.com.mx\/index.php?rest_route=%2Fwp%2Fv2%2Fmedia&parent=95855"}],"wp:term":[{"taxonomy":"category","embeddable":true,"href":"https:\/\/www.interaccionnoticias.com.mx\/index.php?rest_route=%2Fwp%2Fv2%2Fcategories&post=95855"},{"taxonomy":"post_tag","embeddable":true,"href":"https:\/\/www.interaccionnoticias.com.mx\/index.php?rest_route=%2Fwp%2Fv2%2Ftags&post=95855"}],"curies":[{"name":"wp","href":"https:\/\/api.w.org\/{rel}","templated":true}]}}