{"id":95843,"date":"2025-09-29T15:29:48","date_gmt":"2025-09-29T21:29:48","guid":{"rendered":"https:\/\/www.interaccionnoticias.com.mx\/?p=95843"},"modified":"2025-09-29T15:29:49","modified_gmt":"2025-09-29T21:29:49","slug":"por-lo-menos-mil-unidades-de-transporte-foraneo-suspenden-labores-en-chilpancingo","status":"publish","type":"post","link":"https:\/\/www.interaccionnoticias.com.mx\/?p=95843","title":{"rendered":"Por lo menos mil unidades de transporte for\u00e1neo suspenden labores en Chilpancingo"},"content":{"rendered":"\n<p><em><strong>&#8212; Lo anterior despu\u00e9s de que en dos d\u00edas personas desconocidas incendiaron 4 veh\u00edculos<\/strong><\/em><\/p>\n\n\n\n<p><strong>Rosario Garc\u00eda Orozco<\/strong><\/p>\n\n\n\n<p>Por lo menos mil unidades de transporte p\u00fablico de 35 rutas for\u00e1neas anunciaron que suspender\u00e1n el servicio hasta que Chilpancingo cuente con garant\u00edas de seguridad para seguir trabajando.<\/p>\n\n\n\n<p>El dirigente de la coalici\u00f3n de transportistas, \u00c1ngel Esp\u00edritu inform\u00f3 que decidi\u00f3 retirar esta tarde por lo menos mil unidades de 35 sitios en Chilpancingo, tras el incendio de cuatro veh\u00edculos del servicio p\u00fablico de igual n\u00famero de rutas, a partir de la madrugada de ayer domingo.<\/p>\n\n\n\n<p>En conferencia de prensa el dirigente de la coalici\u00f3n de transportistas de las rutas for\u00e1neas, inform\u00f3 que los sitios permanecer\u00e1n inoperables por tiempo indefinido, hasta que consideren que hay garant\u00edas de seguridad.<\/p>\n\n\n\n<p>Mencion\u00f3 que por la ma\u00f1ana hab\u00edan determinado trabajar de manera normal, sin embargo luego del incendio de la cuarta unidad, ocurrido a las 11:00 horas de este lunes de la ruta Chilpancingo-Chilapa, en las cercan\u00edas del mercado Baltazar R. Leyva Mancilla, donde una persona result\u00f3 afectada con crisis nerviosa, y decidieron suspender actividades.<\/p>\n\n\n\n<p>De esa manera quedaron suspendidos los traslados de todas las rutas de Chilpancingo hacia las poblaciones que corresponden al circuito R\u00edo Azul, as\u00ed como hacia Tixtla, Chilapa, Coyuca de Ben\u00edtez, Amojileca, Eduardo Neri, Tierra Colorada y hacia las poblaciones del valle de El Ocotito, por tiempo indefinido.<\/p>\n\n\n\n<p>El dirigente exigi\u00f3 garant\u00edas de seguridad tanto al gobierno federal como al del estado para retomar las actividades. \u00abPara no poner en riesgo la integridad de nuestros compa\u00f1eros, tomamos la decisi\u00f3n de retirarnos\u00bb.<\/p>\n\n\n\n<p>\u201cTengo miedo de entrar a Chilpancingo, porque hemos visto que no hay condiciones de seguridad para nosotros\u00bb, dijo el dirigente transportista, quien agreg\u00f3 que por lo menos 3 mil trabajadores del volante de las rutas for\u00e1neas decidieron guardar sus unidades; la decisi\u00f3n afecta a por lo menos 9 mil usuarios.<\/p>\n","protected":false},"excerpt":{"rendered":"<p>&#8212; Lo anterior despu\u00e9s de que en dos d\u00edas personas desconocidas incendiaron 4 veh\u00edculos Rosario Garc\u00eda Orozco Por lo menos mil unidades de transporte p\u00fablico de 35 rutas for\u00e1neas anunciaron&hellip; <\/p>\n","protected":false},"author":14,"featured_media":95846,"comment_status":"open","ping_status":"open","sticky":false,"template":"","format":"standard","meta":{"fifu_image_url":"https:\/\/www.interaccionnoticias.com.mx\/wp-content\/uploads\/2025\/09\/250929-Angel-Espiritu.jpg","fifu_image_alt":"","footnotes":""},"categories":[13],"tags":[],"class_list":["post-95843","post","type-post","status-publish","format-standard","has-post-thumbnail","hentry","category-capital"],"_links":{"self":[{"href":"https:\/\/www.interaccionnoticias.com.mx\/index.php?rest_route=\/wp\/v2\/posts\/95843","targetHints":{"allow":["GET"]}}],"collection":[{"href":"https:\/\/www.interaccionnoticias.com.mx\/index.php?rest_route=\/wp\/v2\/posts"}],"about":[{"href":"https:\/\/www.interaccionnoticias.com.mx\/index.php?rest_route=\/wp\/v2\/types\/post"}],"author":[{"embeddable":true,"href":"https:\/\/www.interaccionnoticias.com.mx\/index.php?rest_route=\/wp\/v2\/users\/14"}],"replies":[{"embeddable":true,"href":"https:\/\/www.interaccionnoticias.com.mx\/index.php?rest_route=%2Fwp%2Fv2%2Fcomments&post=95843"}],"version-history":[{"count":1,"href":"https:\/\/www.interaccionnoticias.com.mx\/index.php?rest_route=\/wp\/v2\/posts\/95843\/revisions"}],"predecessor-version":[{"id":95845,"href":"https:\/\/www.interaccionnoticias.com.mx\/index.php?rest_route=\/wp\/v2\/posts\/95843\/revisions\/95845"}],"wp:featuredmedia":[{"embeddable":true,"href":"https:\/\/www.interaccionnoticias.com.mx\/index.php?rest_route=\/wp\/v2\/media\/95846"}],"wp:attachment":[{"href":"https:\/\/www.interaccionnoticias.com.mx\/index.php?rest_route=%2Fwp%2Fv2%2Fmedia&parent=95843"}],"wp:term":[{"taxonomy":"category","embeddable":true,"href":"https:\/\/www.interaccionnoticias.com.mx\/index.php?rest_route=%2Fwp%2Fv2%2Fcategories&post=95843"},{"taxonomy":"post_tag","embeddable":true,"href":"https:\/\/www.interaccionnoticias.com.mx\/index.php?rest_route=%2Fwp%2Fv2%2Ftags&post=95843"}],"curies":[{"name":"wp","href":"https:\/\/api.w.org\/{rel}","templated":true}]}}