{"id":95839,"date":"2025-09-29T13:56:34","date_gmt":"2025-09-29T19:56:34","guid":{"rendered":"https:\/\/www.interaccionnoticias.com.mx\/?p=95839"},"modified":"2025-09-29T13:56:35","modified_gmt":"2025-09-29T19:56:35","slug":"ssp-guerrero-rechaza-que-las-autoridades-esten-rebasadas-en-chilpancingo","status":"publish","type":"post","link":"https:\/\/www.interaccionnoticias.com.mx\/?p=95839","title":{"rendered":"SSP-Guerrero rechaza que las autoridades est\u00e9n rebasadas en Chilpancingo"},"content":{"rendered":"\n<p><strong><em>&#8212; Hasta el momento no hay p\u00e9rdida de vidas humanas, se\u00f1ala el titular de la dependencia, Daniel Ledesma Osuna<br>&#8212; Los patrullajes comenzaron desde los primeros reportes, asegura el funcionario<br>&#8212; El municipio no advirti\u00f3 sobre la confrontaci\u00f3n, solo retom\u00f3 informes de hechos que fueron atendidos<\/em><\/strong><\/p>\n\n\n\n<p><strong>Rogelio Agust\u00edn<\/strong><\/p>\n\n\n\n<p>El titular de la Secretar\u00eda de Seguridad P\u00fablica (SSP) del Gobierno de Guerrero, Daniel Ledesma Osuna rechaz\u00f3 que las autoridades est\u00e9n rebasadas por el repunte de la violencia registrado en Chilpancingo durante el fin de semana.<\/p>\n\n\n\n<p>Ledezma Osuna destac\u00f3 que si bien hay un operativo de seguridad que se intensific\u00f3 la madrugada del lunes 29 de septiembre, en realidad las acciones se pusieron en marcha desde que se reportaron hechos de violencia en la zona rural del municipio.<\/p>\n\n\n\n<p>Dijo que desde la jornada del jueves 25, cuando un grupo de comisarios se movilizaron para bloquear la Autopista del Sol y la carretera federal, a la altura de la comunidad de Ocotito, se atendi\u00f3 la denuncia hecha en el sentido de que hab\u00eda enfrentamientos en la zona de Zoyatepec, Tlahuizapa, Rinc\u00f3n de Alcaparrosa y Coacoyulillo, sin que los comisarios y pobladores conformaran los enfrentamientos.<\/p>\n\n\n\n<p>De hecho, destac\u00f3 que se cuestion\u00f3 sobre la existencia de familias desplazadas en la zona serrana, pero insisti\u00f3 en que la respuesta ha sido negativa.<\/p>\n\n\n\n<p>En cuanto a los ataques perpetrados en contra de unidades del transporte p\u00fablico, manifest\u00f3 que hubo un despliegue de los cuerpos de auxilio, situaci\u00f3n que permiti\u00f3 que se sofocaran los siniestros de manera oportuna.<\/p>\n\n\n\n<p>El funcionario manifest\u00f3 que se debe destacar el hecho de que hasta el momento no se ha registrado la p\u00e9rdida de vidas humanas.<\/p>\n\n\n\n<p>Reconoci\u00f3 que en la capital de Guerrero, desde la madrugada del domingo existe un problema de seguridad, pero enfatiz\u00f3 en que se trabaja para que las personas recuperen la confianza de salir a realizar sus actividades cotidianas.<\/p>\n\n\n\n<p>Lo anterior, destac\u00f3 que se confirma porque el personal de la Polic\u00eda del Estado, Guardia Nacional y del Ej\u00e9rcito Mexicano se encuentra presente en los puntos de mayor aglomeraci\u00f3n de personas, as\u00ed como en las bases del transporte for\u00e1neo, para que pronto los conductores del Circuito R\u00edo Azul y de la zona del Valle puedan regresar.<\/p>\n\n\n\n<p>Los recorridos del Estado y la Federaci\u00f3n abarcan las colonias populares, porque es en las partes altas donde suelen registrarse ataques por parte de grupos que aprovechan las brechas o callejones de dif\u00edcil acceso para escabullirse.<\/p>\n\n\n\n<p>El secretario de Seguridad P\u00fablica neg\u00f3 que el municipio de Chilpancingo haya alertado al Estado sobre el repunte de la violencia, lo que el domingo se dio a conocer con la difusi\u00f3n de varios oficios.<\/p>\n\n\n\n<p>Explic\u00f3: \u201cLo que pasa es que se difundieron comunicados solo se derivan de incidentes que ya hab\u00edan sido reportados, por 911 o por alg\u00fan grupo que colabora para compartir informaci\u00f3n, de ah\u00ed retomaron (los documentos) y hacen ver que nos estuvieron advirtiendo, pero en realidad se trata de situaciones que ya hab\u00edan sido atendidas y que no ten\u00edan la magnitud que reportaron\u201d, anot\u00f3.<\/p>\n","protected":false},"excerpt":{"rendered":"<p>&#8212; Hasta el momento no hay p\u00e9rdida de vidas humanas, se\u00f1ala el titular de la dependencia, Daniel Ledesma Osuna&#8212; Los patrullajes comenzaron desde los primeros reportes, asegura el funcionario&#8212; El&hellip; <\/p>\n","protected":false},"author":21,"featured_media":95842,"comment_status":"open","ping_status":"open","sticky":false,"template":"","format":"standard","meta":{"fifu_image_url":"https:\/\/www.interaccionnoticias.com.mx\/wp-content\/uploads\/2025\/09\/250929-SSP-Guerrero-copia.jpg","fifu_image_alt":"","footnotes":""},"categories":[11],"tags":[],"class_list":["post-95839","post","type-post","status-publish","format-standard","has-post-thumbnail","hentry","category-guerrero"],"_links":{"self":[{"href":"https:\/\/www.interaccionnoticias.com.mx\/index.php?rest_route=\/wp\/v2\/posts\/95839","targetHints":{"allow":["GET"]}}],"collection":[{"href":"https:\/\/www.interaccionnoticias.com.mx\/index.php?rest_route=\/wp\/v2\/posts"}],"about":[{"href":"https:\/\/www.interaccionnoticias.com.mx\/index.php?rest_route=\/wp\/v2\/types\/post"}],"author":[{"embeddable":true,"href":"https:\/\/www.interaccionnoticias.com.mx\/index.php?rest_route=\/wp\/v2\/users\/21"}],"replies":[{"embeddable":true,"href":"https:\/\/www.interaccionnoticias.com.mx\/index.php?rest_route=%2Fwp%2Fv2%2Fcomments&post=95839"}],"version-history":[{"count":1,"href":"https:\/\/www.interaccionnoticias.com.mx\/index.php?rest_route=\/wp\/v2\/posts\/95839\/revisions"}],"predecessor-version":[{"id":95841,"href":"https:\/\/www.interaccionnoticias.com.mx\/index.php?rest_route=\/wp\/v2\/posts\/95839\/revisions\/95841"}],"wp:featuredmedia":[{"embeddable":true,"href":"https:\/\/www.interaccionnoticias.com.mx\/index.php?rest_route=\/wp\/v2\/media\/95842"}],"wp:attachment":[{"href":"https:\/\/www.interaccionnoticias.com.mx\/index.php?rest_route=%2Fwp%2Fv2%2Fmedia&parent=95839"}],"wp:term":[{"taxonomy":"category","embeddable":true,"href":"https:\/\/www.interaccionnoticias.com.mx\/index.php?rest_route=%2Fwp%2Fv2%2Fcategories&post=95839"},{"taxonomy":"post_tag","embeddable":true,"href":"https:\/\/www.interaccionnoticias.com.mx\/index.php?rest_route=%2Fwp%2Fv2%2Ftags&post=95839"}],"curies":[{"name":"wp","href":"https:\/\/api.w.org\/{rel}","templated":true}]}}