{"id":9583,"date":"2017-10-27T19:42:33","date_gmt":"2017-10-28T00:42:33","guid":{"rendered":"http:\/\/www.inter-accion.com.mx\/?p=9583"},"modified":"2017-10-27T19:42:33","modified_gmt":"2017-10-28T00:42:33","slug":"gobernador-de-guerrero-respalda-la-detencion-de-49-autodefensas-de-mezcala","status":"publish","type":"post","link":"https:\/\/www.interaccionnoticias.com.mx\/?p=9583","title":{"rendered":"Gobernador de Guerrero respalda la detenci\u00f3n de 49 autodefensas de Mezcala"},"content":{"rendered":"<p><strong>\u201cLa polic\u00eda hizo lo que ten\u00eda que hacer\u201d, dijo el jefe del Ejecutivo local<\/strong><br \/>\nEl gobernador H\u00e9ctor Astudillo Flores respald\u00f3 la determinaci\u00f3n del personal de Fuerzas Especiales de la Polic\u00eda del Estado, que la jornada del jueves sometieron, desarmaron y canalizaron hacia la delegaci\u00f3n de la Procuradur\u00eda General de la Rep\u00fablica (PGR) a 49 autodefensas de la comunidad de Mezcala, en el municipio de Eduardo Neri.<br \/>\nEn la explanada del Palacio de Gobierno, Astudillo Flores encabez\u00f3 el izamiento de bandera, en el marco del cumplimiento de los 168 a\u00f1os de la erecci\u00f3n del estado de Guerrero.<br \/>\nAl t\u00e9rmino de la ceremonia fue cuestionado sobre lo sucedido la tarde del jueves 23 de octubre en la cabecera municipal de Zumpango, cuando la polic\u00eda reaccion\u00f3 tras la irrupci\u00f3n de los civiles armados, que intentaban detener a un estudiante de nivel secundaria, supuestamente por el robo de una motocicleta.<br \/>\nEl gobernador indic\u00f3 que el asunto ya est\u00e1 en manos de la PGR, por el uso de armas de uso exclusivo del Ej\u00e9rcito Mexicano, pero agreg\u00f3 que lo que se busca, es evitar que quienes se mueven en el esquema de las autodefensas, eviten incurrir en abusos contra la poblaci\u00f3n y las instituciones.<br \/>\nPrecis\u00f3 que no se trata de ning\u00fan mensaje para nadie, solamente una acci\u00f3n institucional de la polic\u00eda del estado, tras un hecho que fue reportado por la sociedad.<br \/>\n\u201cEsto se dio en el momento en que se estaba cometiendo un delito, no tenemos suficientes polic\u00edas para que est\u00e9n en todos los puntos donde puedan aparecer ese tipo de organizaciones armadas, pero se hizo lo que se ten\u00eda que hacer\u201d, destac\u00f3.<br \/>\nEl vocero del Grupo de Coordinaci\u00f3n Guerrero (GCG), Roberto Alvarez Heredia confirm\u00f3 que entrada la ma\u00f1ana comenz\u00f3 a tomarse la declaraci\u00f3n de los 49 detenidos, que portaban 54 armas largas, cuatro cortas y seis veh\u00edculos.<br \/>\nTambi\u00e9n explic\u00f3 que por la retenci\u00f3n de los cinco polic\u00edas estatales y dos municipales, m\u00e1s una trabajadora de Bansefi que pagaban apoyos de Prospera en la comunidad de Plan de las Liebres se instrument\u00f3 un operativo encaminado a liberarlos.<br \/>\nLos elementos retenidos y la trabajadora de Bansefi rindieron su declaraci\u00f3n tambi\u00e9n durante la ma\u00f1ana del viernes, en tanto ya se presentaba la defensa de los autodefensas para tratar de liberarlos.<br \/>\nDijo que al seno del GCG se analiza lo que pasa con los grupos de autodefensa, estableciendo criterios para evitar que las actividades de los mismos trastoquen la ley.<br \/>\n&nbsp;&nbsp;&nbsp;&nbsp;&nbsp;&nbsp;&nbsp;<\/p>\n","protected":false},"excerpt":{"rendered":"<p>\u201cLa polic\u00eda hizo lo que ten\u00eda que hacer\u201d, dijo el jefe del Ejecutivo local El gobernador H\u00e9ctor Astudillo Flores respald\u00f3 la determinaci\u00f3n del personal de Fuerzas Especiales de la Polic\u00eda&hellip; <\/p>\n","protected":false},"author":1,"featured_media":0,"comment_status":"closed","ping_status":"closed","sticky":false,"template":"","format":"standard","meta":{"fifu_image_url":"","fifu_image_alt":"","footnotes":""},"categories":[8,11],"tags":[],"class_list":["post-9583","post","type-post","status-publish","format-standard","hentry","category-featured","category-guerrero"],"_links":{"self":[{"href":"https:\/\/www.interaccionnoticias.com.mx\/index.php?rest_route=\/wp\/v2\/posts\/9583","targetHints":{"allow":["GET"]}}],"collection":[{"href":"https:\/\/www.interaccionnoticias.com.mx\/index.php?rest_route=\/wp\/v2\/posts"}],"about":[{"href":"https:\/\/www.interaccionnoticias.com.mx\/index.php?rest_route=\/wp\/v2\/types\/post"}],"author":[{"embeddable":true,"href":"https:\/\/www.interaccionnoticias.com.mx\/index.php?rest_route=\/wp\/v2\/users\/1"}],"replies":[{"embeddable":true,"href":"https:\/\/www.interaccionnoticias.com.mx\/index.php?rest_route=%2Fwp%2Fv2%2Fcomments&post=9583"}],"version-history":[{"count":0,"href":"https:\/\/www.interaccionnoticias.com.mx\/index.php?rest_route=\/wp\/v2\/posts\/9583\/revisions"}],"wp:attachment":[{"href":"https:\/\/www.interaccionnoticias.com.mx\/index.php?rest_route=%2Fwp%2Fv2%2Fmedia&parent=9583"}],"wp:term":[{"taxonomy":"category","embeddable":true,"href":"https:\/\/www.interaccionnoticias.com.mx\/index.php?rest_route=%2Fwp%2Fv2%2Fcategories&post=9583"},{"taxonomy":"post_tag","embeddable":true,"href":"https:\/\/www.interaccionnoticias.com.mx\/index.php?rest_route=%2Fwp%2Fv2%2Ftags&post=9583"}],"curies":[{"name":"wp","href":"https:\/\/api.w.org\/{rel}","templated":true}]}}