{"id":95817,"date":"2025-09-29T09:04:51","date_gmt":"2025-09-29T15:04:51","guid":{"rendered":"https:\/\/www.interaccionnoticias.com.mx\/?p=95817"},"modified":"2025-09-29T09:04:52","modified_gmt":"2025-09-29T15:04:52","slug":"cronica-la-caida-del-pri","status":"publish","type":"post","link":"https:\/\/www.interaccionnoticias.com.mx\/?p=95817","title":{"rendered":"Cr\u00f3nica la ca\u00edda del PRI"},"content":{"rendered":"\n<p><strong>David Mart\u00ednez T\u00e9llez<\/strong><\/p>\n\n\n\n<p><em>Analista pol\u00edtico, comunic\u00f3logo y acad\u00e9mico UAGro<\/em><\/p>\n\n\n\n<p>La serie tiene algunas deficiencias en su narrativa para contarnos c\u00f3mo se dividi\u00f3 el PRI.<\/p>\n\n\n\n<p>Comentar\u00e9 esas carencias, cap\u00edtulo por capitulo.<\/p>\n\n\n\n<p>La narrativa de la serie fue escrita por la polit\u00f3loga Denise Maerker, quien en los \u00faltimos a\u00f1os se presenta en la televisi\u00f3n (Televisa) para comentar y analizar el \u00e1rea deportes, concretamente futbol. Sustituy\u00f3 a Joaqu\u00edn L\u00f3pez D\u00f3riga en el noticiario estelar del canal 2 de M\u00e9xico desde 2016.<\/p>\n\n\n\n<p>&nbsp;Y deja ese noticiario en 2023 en lo que parece una negociaci\u00f3n entre grupo Televisa y el gobierno de AMLO. Hoy ofrece las noticias Enrique Acevedo, quien es m\u00e1s moderado en sus comentarios.<\/p>\n\n\n\n<p>En el primer cap\u00edtulo del t\u00edtulo de este texto se aborda la creaci\u00f3n del PNR con Plutarco El\u00edas Calles sin mencionar el movimiento cristero durante este gobierno (\u00faltimos a\u00f1os de la d\u00e9cada 20, exactamente hace un siglo).<\/p>\n\n\n\n<p>Cuando aborda la sucesi\u00f3n presidencial de Calles y L\u00e1zaro se omite comentar el destierro a que fue sometido Plutarco bajo amenaza del pen\u00faltimo presidente militar. De pasadita se habla del cambio de nombre de PNR a PRM y la inclinaci\u00f3n socialista de L\u00e1zaro C\u00e1rdenas. Tampoco se comenta del asesinato de Estado en la Plaza de la Constituci\u00f3n en la sucesi\u00f3n de C\u00e1rdenas y el arribo de Manuel \u00c1vila Camacho.<\/p>\n\n\n\n<p>Se podr\u00eda suponer que la ca\u00edda del PRI es contada por los propios priistas en esta serie. No hab\u00eda actores que narraran sucesos anteriores.<\/p>\n\n\n\n<p>Pero de alguna manera ese partido siempre mostr\u00f3 fisuras.<\/p>\n\n\n\n<p>Entonces la serie comienza con el sexenio de L\u00f3pez Portillo y nos muestra expresiones y opiniones de priistas y de acad\u00e9micos.<\/p>\n\n\n\n<p>Conclusi\u00f3n fue un periodo marcado por la frivolidad, el gasto desmedido con un histri\u00f3n como presidente. Por ejemplo: llor\u00f3 cuando declar\u00f3 que no pudo contener la devaluaci\u00f3n. La expresi\u00f3n fue \u201cvoy a defender al peso como perro\u201d.<\/p>\n\n\n\n<p>Echeverr\u00eda nombr\u00f3 a L\u00f3pez Portillo candidato a presidente porque fue amigo desde la infancia. Carec\u00eda de formaci\u00f3n priista.<\/p>\n\n\n\n<p>Lo que destaca esta historia es que L\u00f3pez Portillo, aun siendo el \u00fanico candidato a la presidencia, recorri\u00f3 todo el pa\u00eds casi caminando. En este recuento retoman o insertan la iron\u00eda de Manlio Fabio Beltrones:\u201cgan\u00f3 con el 90 por ciento de la votaci\u00f3n cuando pudo haber sido del 100\u201d.<\/p>\n\n\n\n<p>En la serie no se menciona que el PAN, en este proceso electoral, no participa para la presidencia por diferencias internas. Tampoco se especifica que por haber sido Jolopo candidato \u00fanico dio pie a la reforma electoral donde se contempla la representaci\u00f3n de otros partidos. Es decir, a nivel internacional se evidenci\u00f3 que en M\u00e9xico se viv\u00eda una dictadura.<\/p>\n\n\n\n<p>L\u00f3pez Portillo es el \u00faltimo presidente con la imagen priista sin oposici\u00f3n y sin un \u00e1rbitro que organizara y vigilara y calificara un encuentro pol\u00edtico electoral.<\/p>\n\n\n\n<p>L\u00f3pez Portillo tuvo la oportunidad de obtener un crecimiento desmesurado de la econom\u00eda por haber encontrado yacimientos petroleros. Pero se gast\u00f3 m\u00e1s de lo que se produc\u00eda.&nbsp; La devaluaci\u00f3n del peso le peg\u00f3 a la sociedad mexicana y dividi\u00f3 al PRI. (Continuar\u00e1)<\/p>\n","protected":false},"excerpt":{"rendered":"<p>David Mart\u00ednez T\u00e9llez Analista pol\u00edtico, comunic\u00f3logo y acad\u00e9mico UAGro La serie tiene algunas deficiencias en su narrativa para contarnos c\u00f3mo se dividi\u00f3 el PRI. Comentar\u00e9 esas carencias, cap\u00edtulo por capitulo.&hellip; <\/p>\n","protected":false},"author":27,"featured_media":95819,"comment_status":"open","ping_status":"open","sticky":false,"template":"","format":"standard","meta":{"fifu_image_url":"https:\/\/www.interaccionnoticias.com.mx\/wp-content\/uploads\/2024\/09\/240929-David-Martinez-Tellez.jpg","fifu_image_alt":"","footnotes":""},"categories":[16],"tags":[],"class_list":["post-95817","post","type-post","status-publish","format-standard","has-post-thumbnail","hentry","category-opinion"],"_links":{"self":[{"href":"https:\/\/www.interaccionnoticias.com.mx\/index.php?rest_route=\/wp\/v2\/posts\/95817","targetHints":{"allow":["GET"]}}],"collection":[{"href":"https:\/\/www.interaccionnoticias.com.mx\/index.php?rest_route=\/wp\/v2\/posts"}],"about":[{"href":"https:\/\/www.interaccionnoticias.com.mx\/index.php?rest_route=\/wp\/v2\/types\/post"}],"author":[{"embeddable":true,"href":"https:\/\/www.interaccionnoticias.com.mx\/index.php?rest_route=\/wp\/v2\/users\/27"}],"replies":[{"embeddable":true,"href":"https:\/\/www.interaccionnoticias.com.mx\/index.php?rest_route=%2Fwp%2Fv2%2Fcomments&post=95817"}],"version-history":[{"count":1,"href":"https:\/\/www.interaccionnoticias.com.mx\/index.php?rest_route=\/wp\/v2\/posts\/95817\/revisions"}],"predecessor-version":[{"id":95818,"href":"https:\/\/www.interaccionnoticias.com.mx\/index.php?rest_route=\/wp\/v2\/posts\/95817\/revisions\/95818"}],"wp:featuredmedia":[{"embeddable":true,"href":"https:\/\/www.interaccionnoticias.com.mx\/index.php?rest_route=\/wp\/v2\/media\/95819"}],"wp:attachment":[{"href":"https:\/\/www.interaccionnoticias.com.mx\/index.php?rest_route=%2Fwp%2Fv2%2Fmedia&parent=95817"}],"wp:term":[{"taxonomy":"category","embeddable":true,"href":"https:\/\/www.interaccionnoticias.com.mx\/index.php?rest_route=%2Fwp%2Fv2%2Fcategories&post=95817"},{"taxonomy":"post_tag","embeddable":true,"href":"https:\/\/www.interaccionnoticias.com.mx\/index.php?rest_route=%2Fwp%2Fv2%2Ftags&post=95817"}],"curies":[{"name":"wp","href":"https:\/\/api.w.org\/{rel}","templated":true}]}}