{"id":95725,"date":"2025-09-25T14:27:13","date_gmt":"2025-09-25T20:27:13","guid":{"rendered":"https:\/\/www.interaccionnoticias.com.mx\/?p=95725"},"modified":"2025-09-25T14:27:14","modified_gmt":"2025-09-25T20:27:14","slug":"docentes-de-la-ceneima-realizan-paro-de-labores","status":"publish","type":"post","link":"https:\/\/www.interaccionnoticias.com.mx\/?p=95725","title":{"rendered":"Docentes de la CENEIMA realizan paro de labores"},"content":{"rendered":"\n<p><strong><em>&#8212; Docentes y administrativos exigen recategorizaciones, personal de apoyo y soluci\u00f3n a demandas laborales<\/em><\/strong><\/p>\n\n\n\n<p><strong>SNI<\/strong><\/p>\n\n\n\n<p>La Centenaria Escuela Normal del Estado \u201cIgnacio Manuel Altamirano\u201d (CENEIMA) suspendi\u00f3 actividades este jueves, luego de que docentes y personal administrativo iniciaran un paro laboral en exigencia de recategorizaciones pendientes y la asignaci\u00f3n de trabajadores de intendencia, situaci\u00f3n que afect\u00f3 la formaci\u00f3n de m\u00e1s de 300 alumnos.<\/p>\n\n\n\n<p>Desde las primeras horas de la ma\u00f1ana, el acceso principal del plantel, ubicado en la colonia Villa Moderna de Chilpancingo, fue cubierto con cartulinas donde los inconformes plasmaron sus demandas.<\/p>\n\n\n\n<p>La secretaria general de la secci\u00f3n 20 del Sindicato \u00danico de Servidores P\u00fablicos del Estado de Guerrero (SUSPEG), Alondra Marroqu\u00edn S\u00e1nchez, inform\u00f3 que el paro involucra a 234 trabajadores, entre docentes estatales, federales y personal administrativo, quienes reclaman respuesta a un proceso de recategorizaci\u00f3n detenido desde hace meses.<\/p>\n\n\n\n<p>Entre las exigencias tambi\u00e9n figura la incorporaci\u00f3n de personal de apoyo administrativo y de intendencia, \u00e1reas que denunciaron operan con d\u00e9ficit y han complicado el funcionamiento diario de la instituci\u00f3n. \u201cNo estamos pidiendo nada fuera de lo justo; necesitamos condiciones dignas para trabajar y atender a los estudiantes\u201d, subray\u00f3 la dirigente sindical.<\/p>\n\n\n\n<p>Los trabajadores de la CENEIMA manifestaron adem\u00e1s su respaldo a la Escuela Normal \u201cVicente Guerrero\u201d de Teloloapan, que atraviesa un conflicto interno por la designaci\u00f3n de un cuerpo directivo encabezado por una maestra federal, pese a que se trata de una instituci\u00f3n de sostenimiento estatal.<\/p>\n\n\n\n<p>Con la suspensi\u00f3n de actividades, los m\u00e1s de 300 estudiantes de la Normal quedaron sin clases y sin fecha definida para el regreso, pues los paristas sostuvieron que no reanudar\u00e1n labores hasta que el gobierno estatal instale una mesa de di\u00e1logo formal con car\u00e1cter resolutivo.<\/p>\n","protected":false},"excerpt":{"rendered":"<p>&#8212; Docentes y administrativos exigen recategorizaciones, personal de apoyo y soluci\u00f3n a demandas laborales SNI La Centenaria Escuela Normal del Estado \u201cIgnacio Manuel Altamirano\u201d (CENEIMA) suspendi\u00f3 actividades este jueves, luego&hellip; <\/p>\n","protected":false},"author":4,"featured_media":95728,"comment_status":"open","ping_status":"open","sticky":false,"template":"","format":"standard","meta":{"fifu_image_url":"https:\/\/www.interaccionnoticias.com.mx\/wp-content\/uploads\/2025\/09\/250925-Alondra-Marroquin-Sanchez.jpg","fifu_image_alt":"","footnotes":""},"categories":[6],"tags":[],"class_list":["post-95725","post","type-post","status-publish","format-standard","has-post-thumbnail","hentry","category-educacion"],"_links":{"self":[{"href":"https:\/\/www.interaccionnoticias.com.mx\/index.php?rest_route=\/wp\/v2\/posts\/95725","targetHints":{"allow":["GET"]}}],"collection":[{"href":"https:\/\/www.interaccionnoticias.com.mx\/index.php?rest_route=\/wp\/v2\/posts"}],"about":[{"href":"https:\/\/www.interaccionnoticias.com.mx\/index.php?rest_route=\/wp\/v2\/types\/post"}],"author":[{"embeddable":true,"href":"https:\/\/www.interaccionnoticias.com.mx\/index.php?rest_route=\/wp\/v2\/users\/4"}],"replies":[{"embeddable":true,"href":"https:\/\/www.interaccionnoticias.com.mx\/index.php?rest_route=%2Fwp%2Fv2%2Fcomments&post=95725"}],"version-history":[{"count":1,"href":"https:\/\/www.interaccionnoticias.com.mx\/index.php?rest_route=\/wp\/v2\/posts\/95725\/revisions"}],"predecessor-version":[{"id":95727,"href":"https:\/\/www.interaccionnoticias.com.mx\/index.php?rest_route=\/wp\/v2\/posts\/95725\/revisions\/95727"}],"wp:featuredmedia":[{"embeddable":true,"href":"https:\/\/www.interaccionnoticias.com.mx\/index.php?rest_route=\/wp\/v2\/media\/95728"}],"wp:attachment":[{"href":"https:\/\/www.interaccionnoticias.com.mx\/index.php?rest_route=%2Fwp%2Fv2%2Fmedia&parent=95725"}],"wp:term":[{"taxonomy":"category","embeddable":true,"href":"https:\/\/www.interaccionnoticias.com.mx\/index.php?rest_route=%2Fwp%2Fv2%2Fcategories&post=95725"},{"taxonomy":"post_tag","embeddable":true,"href":"https:\/\/www.interaccionnoticias.com.mx\/index.php?rest_route=%2Fwp%2Fv2%2Ftags&post=95725"}],"curies":[{"name":"wp","href":"https:\/\/api.w.org\/{rel}","templated":true}]}}