{"id":95711,"date":"2025-09-24T18:37:25","date_gmt":"2025-09-25T00:37:25","guid":{"rendered":"https:\/\/www.interaccionnoticias.com.mx\/?p=95711"},"modified":"2025-09-24T18:37:26","modified_gmt":"2025-09-25T00:37:26","slug":"por-segundo-dia-consecutivo-trabajadores-del-cecyte-protestan-para-pedir-la-remocion-de-su-directora-anabel-arellano","status":"publish","type":"post","link":"https:\/\/www.interaccionnoticias.com.mx\/?p=95711","title":{"rendered":"Por segundo d\u00eda consecutivo trabajadores del CECYTE protestan para pedir la remoci\u00f3n de su directora, Anabel Arellano"},"content":{"rendered":"\n<p><strong><em>&#8212; Exigen tambien que les regresen las categor\u00edas de trabajadores de base a varios de ellos<\/em><\/strong><\/p>\n\n\n\n<p><strong>Rosario Garc\u00eda Orozco<\/strong><\/p>\n\n\n\n<p>Por segundo d\u00eda consecutivo, trabajadores del Colegio de Estudios Cient\u00edficos y Tecnol\u00f3gicos (CECYTE), agremiados en el Sindicato Democr\u00e1tico, mantienen un plant\u00f3n en la entrada principal de esas instalaciones, en exigencia de la remoci\u00f3n de la directora de esa instituci\u00f3n, Anabel Arellano Villafuerte.<\/p>\n\n\n\n<p>Desde la ma\u00f1ana de este martes dio inicio el plant\u00f3n en ese lugar, mismo que incluy\u00f3 el bloqueo a la avenida L\u00e1zaro C\u00e1rdenas de Chilpancingo y que continu\u00f3 hasta la ma\u00f1ana de hoy mi\u00e9rcoles.<\/p>\n\n\n\n<p>El secretario general del Sindicato Democr\u00e1tico del Cecyte, Gregorio God\u00ednez de Dios, inform\u00f3 que por atenci\u00f3n a la petici\u00f3n que le hizo el subsecretario de Gobierno, Francisco Rodr\u00edguez Cisneros, antes del medio d\u00eda se replegaron y desbloquearon la avenida L\u00e1zaro Cardenas, por lo que s\u00f3lo permanecen en la banqueta de esas instalaciones sin afectar la circulaci\u00f3n vial.<\/p>\n\n\n\n<p>Se quej\u00f3 porque Arellano Villafuerte no los ha recibido en audiencia desde hace m\u00e1s de un a\u00f1o y no atiende las demandas de su base trabajadora.<\/p>\n\n\n\n<p>Mencion\u00f3 que est\u00e1n en espera de que sean recibidos en Palacio de Gobierno por autoridades educativas para presentarles su pliego petitorio y que \u00e9ste sea atendido, \u00absi no nos dan respuesta positiva vamos a radicalizar nuestro movimiento, a reanudar el bloqueo de la Avenida L\u00e1zaro Cardenas, y si es necesario marchar por las calles de Chilpancingo\u00bb.<\/p>\n\n\n\n<p>Denunci\u00f3 que este a\u00f1o se llevaron a cabo varios cambios arbitrarios de categor\u00edas laborales de varios afiliados a ese sindicato, porque los que eran trabajadores de base los movieron a de confianza con lo que pierden varias prestaciones y derechos laborales.<\/p>\n\n\n\n<p>Adem\u00e1Adem\u00e1s asegura que desde el mes de julio se debi\u00f3 aplicar un incremento salarial aprobado desde la federaci\u00f3n, para todos los trabajadores de nivel medio superior, pero el gobierno estatal no lo ha concretado.<\/p>\n\n\n\n<p>God\u00ednez de Dios coment\u00f3 que ese sindicato lo componen 300 de los casi mil trabajadores del Cecyte Guerrero.<\/p>\n","protected":false},"excerpt":{"rendered":"<p>&#8212; Exigen tambien que les regresen las categor\u00edas de trabajadores de base a varios de ellos Rosario Garc\u00eda Orozco Por segundo d\u00eda consecutivo, trabajadores del Colegio de Estudios Cient\u00edficos y&hellip; <\/p>\n","protected":false},"author":14,"featured_media":95714,"comment_status":"open","ping_status":"open","sticky":false,"template":"","format":"standard","meta":{"fifu_image_url":"https:\/\/www.interaccionnoticias.com.mx\/wp-content\/uploads\/2025\/09\/250924-CECYTE.jpg","fifu_image_alt":"","footnotes":""},"categories":[6],"tags":[],"class_list":["post-95711","post","type-post","status-publish","format-standard","has-post-thumbnail","hentry","category-educacion"],"_links":{"self":[{"href":"https:\/\/www.interaccionnoticias.com.mx\/index.php?rest_route=\/wp\/v2\/posts\/95711","targetHints":{"allow":["GET"]}}],"collection":[{"href":"https:\/\/www.interaccionnoticias.com.mx\/index.php?rest_route=\/wp\/v2\/posts"}],"about":[{"href":"https:\/\/www.interaccionnoticias.com.mx\/index.php?rest_route=\/wp\/v2\/types\/post"}],"author":[{"embeddable":true,"href":"https:\/\/www.interaccionnoticias.com.mx\/index.php?rest_route=\/wp\/v2\/users\/14"}],"replies":[{"embeddable":true,"href":"https:\/\/www.interaccionnoticias.com.mx\/index.php?rest_route=%2Fwp%2Fv2%2Fcomments&post=95711"}],"version-history":[{"count":1,"href":"https:\/\/www.interaccionnoticias.com.mx\/index.php?rest_route=\/wp\/v2\/posts\/95711\/revisions"}],"predecessor-version":[{"id":95713,"href":"https:\/\/www.interaccionnoticias.com.mx\/index.php?rest_route=\/wp\/v2\/posts\/95711\/revisions\/95713"}],"wp:featuredmedia":[{"embeddable":true,"href":"https:\/\/www.interaccionnoticias.com.mx\/index.php?rest_route=\/wp\/v2\/media\/95714"}],"wp:attachment":[{"href":"https:\/\/www.interaccionnoticias.com.mx\/index.php?rest_route=%2Fwp%2Fv2%2Fmedia&parent=95711"}],"wp:term":[{"taxonomy":"category","embeddable":true,"href":"https:\/\/www.interaccionnoticias.com.mx\/index.php?rest_route=%2Fwp%2Fv2%2Fcategories&post=95711"},{"taxonomy":"post_tag","embeddable":true,"href":"https:\/\/www.interaccionnoticias.com.mx\/index.php?rest_route=%2Fwp%2Fv2%2Ftags&post=95711"}],"curies":[{"name":"wp","href":"https:\/\/api.w.org\/{rel}","templated":true}]}}