{"id":95702,"date":"2025-09-24T16:21:48","date_gmt":"2025-09-24T22:21:48","guid":{"rendered":"https:\/\/www.interaccionnoticias.com.mx\/?p=95702"},"modified":"2025-09-24T16:21:49","modified_gmt":"2025-09-24T22:21:49","slug":"necesaria-la-plenaria-al-interior-del-grupo-parlamentario-de-morena","status":"publish","type":"post","link":"https:\/\/www.interaccionnoticias.com.mx\/?p=95702","title":{"rendered":"Necesaria la plenaria al interior del Grupo Parlamentario de Morena"},"content":{"rendered":"\n<p><em><strong>&#8212; Se requiere para valorar si hay cambio en la coordinaci\u00f3n y para definir la agenda legislativa<\/strong><\/em><\/p>\n\n\n\n<p><strong>Rosario Garc\u00eda Orozco<\/strong><\/p>\n\n\n\n<p>Es necesaria que se convoque a la plenaria de la fracci\u00f3n parlamentaria de Morena en el Congreso Local para acordar si habr\u00e1 cambio en la coordinaci\u00f3n y naturalmente en la presidencia de la Junta de Coordinaci\u00f3n Pol\u00edtica (Jucopo), consider\u00f3 el diputado morenista Marco Tulio S\u00e1nchez Alarc\u00f3n.<\/p>\n\n\n\n<p>Durante la presentaci\u00f3n de su primer informe de actividades legislativas y de gesti\u00f3n, el diputado record\u00f3 que por \u00abusos y costumbres\u00bb de la fracci\u00f3n parlamentaria de Morena el coordinador se cambia cada a\u00f1o, es decir, que Jes\u00fas Uri\u00f3stegui Garc\u00eda debi\u00f3 dejar el cargo de Presidente de la Jucopo a fines de agosto y para esta fecha ya debiera est\u00e1r alguno otro legislador coordinando los trabajos legislativos de ese partido.<\/p>\n\n\n\n<p>\u201cHa faltado algo al interior de la fracci\u00f3n parlamentaria que es muy grande, mayoritaria como ustedes lo saben, ponerse de acuerdo todas y todos no ha sido nada f\u00e1cil, ha faltado algo, la plenaria que debe realizarse para desahogar los temas e inquietudes que tengan las diputadas y los diputados\u00bb.<\/p>\n\n\n\n<p>Tambi\u00e9n coment\u00f3 que la falta de acuerdos ha propiciado que hoy en d\u00eda en el Congreso solo haya encargados de despacho en diversas \u00e1reas administrativas del Poder Legislativo local, y se registre una falta de trasparencia en el manejo de los recursos p\u00fablicos.<\/p>\n\n\n\n<p>Dijo que en tres ocasiones ya ha solicitado que se lleve a cabo la plenaria, pero hasta ahora no se ha realizado, y agreg\u00f3 que tambi\u00e9n es importante que la fracci\u00f3n parlamentaria presente una agenda legislativa propia, ya que en todo el primer a\u00f1o legislativo no se present\u00f3.<\/p>\n\n\n\n<p>\u201cA mi me preocupa que no estemos coordinados en ese sentido, y el diputado Jes\u00fas Uri\u00f3stegui sube (a tribuna) con temas personales, o muy espec\u00edficos pero no estamos sacando agendas en conjunto, en temas nacionales o que el partido tenga la inquietud de sacar temas nacionales\u201d, insisti\u00f3.<\/p>\n\n\n\n<p>El morenista reconoci\u00f3 que han \u201csacado\u201d los temas que se han enviado desde el Congreso de la Uni\u00f3n como son las reformas que ha impulsado la presidenta Claudia Sheinbaum, pero como fracci\u00f3n parlamentaria a nivel local no tienen temas en conjunto.<\/p>\n\n\n\n<p>Por otro lado, y Cuestionado al respecto, Tulio S\u00e1nchez reconoci\u00f3 que tiene aspiraciones de presidir la JUCOPO y por ende coordinar a sus compa\u00f1eros de fracci\u00f3n, para lo cual, acept\u00f3 tiene experiencia, luego de que esta es la segunda ocasi\u00f3n en que es diputado local, \u201cpodemos tener un buen enroque, una buena comunicaci\u00f3n y coordinaci\u00f3n\u00bb.<\/p>\n\n\n\n<p>Adem\u00e1s, acept\u00f3 que s\u00ed tiene intensiones de competir por la candidatura a presidente municipal de Acapulco por Morena, en la siguiente elecci\u00f3n, \u201cen 2027 me gustar\u00eda ser alcalde de Acapulco, ya fui sindico municipal, dos veces diputado local, director de la zona mar\u00edtimo terrestre, tengo experiencia\u201d, para gobernar el municipio m\u00e1s importante de Guerrero, como es Acapulco.<\/p>\n","protected":false},"excerpt":{"rendered":"<p>&#8212; Se requiere para valorar si hay cambio en la coordinaci\u00f3n y para definir la agenda legislativa Rosario Garc\u00eda Orozco Es necesaria que se convoque a la plenaria de la&hellip; <\/p>\n","protected":false},"author":14,"featured_media":95705,"comment_status":"open","ping_status":"open","sticky":false,"template":"","format":"standard","meta":{"fifu_image_url":"https:\/\/www.interaccionnoticias.com.mx\/wp-content\/uploads\/2025\/09\/250924-Marco-Tulio-Sanchez-Alarcon.jpg","fifu_image_alt":"","footnotes":""},"categories":[2],"tags":[],"class_list":["post-95702","post","type-post","status-publish","format-standard","has-post-thumbnail","hentry","category-congreso"],"_links":{"self":[{"href":"https:\/\/www.interaccionnoticias.com.mx\/index.php?rest_route=\/wp\/v2\/posts\/95702","targetHints":{"allow":["GET"]}}],"collection":[{"href":"https:\/\/www.interaccionnoticias.com.mx\/index.php?rest_route=\/wp\/v2\/posts"}],"about":[{"href":"https:\/\/www.interaccionnoticias.com.mx\/index.php?rest_route=\/wp\/v2\/types\/post"}],"author":[{"embeddable":true,"href":"https:\/\/www.interaccionnoticias.com.mx\/index.php?rest_route=\/wp\/v2\/users\/14"}],"replies":[{"embeddable":true,"href":"https:\/\/www.interaccionnoticias.com.mx\/index.php?rest_route=%2Fwp%2Fv2%2Fcomments&post=95702"}],"version-history":[{"count":1,"href":"https:\/\/www.interaccionnoticias.com.mx\/index.php?rest_route=\/wp\/v2\/posts\/95702\/revisions"}],"predecessor-version":[{"id":95704,"href":"https:\/\/www.interaccionnoticias.com.mx\/index.php?rest_route=\/wp\/v2\/posts\/95702\/revisions\/95704"}],"wp:featuredmedia":[{"embeddable":true,"href":"https:\/\/www.interaccionnoticias.com.mx\/index.php?rest_route=\/wp\/v2\/media\/95705"}],"wp:attachment":[{"href":"https:\/\/www.interaccionnoticias.com.mx\/index.php?rest_route=%2Fwp%2Fv2%2Fmedia&parent=95702"}],"wp:term":[{"taxonomy":"category","embeddable":true,"href":"https:\/\/www.interaccionnoticias.com.mx\/index.php?rest_route=%2Fwp%2Fv2%2Fcategories&post=95702"},{"taxonomy":"post_tag","embeddable":true,"href":"https:\/\/www.interaccionnoticias.com.mx\/index.php?rest_route=%2Fwp%2Fv2%2Ftags&post=95702"}],"curies":[{"name":"wp","href":"https:\/\/api.w.org\/{rel}","templated":true}]}}