{"id":95693,"date":"2025-09-24T16:12:48","date_gmt":"2025-09-24T22:12:48","guid":{"rendered":"https:\/\/www.interaccionnoticias.com.mx\/?p=95693"},"modified":"2025-09-24T16:12:49","modified_gmt":"2025-09-24T22:12:49","slug":"inundaciones-en-al-menos-15-colonias-al-oriente-del-puerto-de-acapulco","status":"publish","type":"post","link":"https:\/\/www.interaccionnoticias.com.mx\/?p=95693","title":{"rendered":"Inundaciones en al menos 15 colonias al oriente del puerto de Acapulco."},"content":{"rendered":"\n<p><strong><em>&#8212; Veh\u00edculos varados, suspensi\u00f3n de clases en algunas escuelas y del transporte p\u00fablico<\/em><\/strong><\/p>\n\n\n\n<p><strong>Javier Trujillo<\/strong><\/p>\n\n\n\n<p><strong>Acapulco, Gro.- <\/strong>Al menos 15 colonias de la zona suburbana de Acapulco, sufrieron las inundaciones por las torrenciales lluvias que cayeron la madrugada de este mi\u00e9rcoles, en este destino tur\u00edstico.<\/p>\n\n\n\n<p>Adem\u00e1s, nuevamente en el complejo habitacional \u201cAlejo Peralta II\u201d, ubicado en la zona suburbana, se volvieron a inundar las viviendas.<\/p>\n\n\n\n<p>\u201cNos inundamos siempre porque tenemos aqu\u00ed enfrente un arroyo que baja de all\u00e1 del Cerro de La Esperanza, y arrastra toda la arena y se nos viene para ac\u00e1 adentro, pero gracias a Dios, no nos pas\u00f3 como el a\u00f1o pasado (con el hurac\u00e1n John).<\/p>\n\n\n\n<p>\u201cLa entrada a las casas se les meti\u00f3 el agua. Empez\u00f3 a entrar como a las tres de la ma\u00f1ana\u201d, dijo Mar\u00eda de la Paz Lugo, quien es habitante de la unidad Alejo Peralta II.<\/p>\n\n\n\n<p>Por su parte, Agustina Bail\u00f3n Gallardo, quien tambi\u00e9n vive en el conjunto habitacional Alejo Peralta II, refiri\u00f3 que \u201ctoda la noche estuvo lloviendo fuerte. Aqu\u00ed de por s\u00ed se sale el agua y est\u00e1 lleno de agua. El agua de la lluvia no se meti\u00f3, sino que hay agua y la arena r\u00e1pido se vienen para ac\u00e1 adentro\u201d.<\/p>\n\n\n\n<p>En tanto, la Secretar\u00eda de Gesti\u00f3n Integral de Riesgos y Protecci\u00f3n Civil de Guerrero (SGIRyPC), inform\u00f3 las lluvias registradas durante la noche, madrugada y primeras horas del mi\u00e9rcoles en Acapulco, fue debido a una tormenta local.<\/p>\n\n\n\n<p>De acuerdo con la dependencia en la zona de Coloso y Colosio las precipitaciones alcanzaron 134 mil\u00edmetros, es decir 134 litros por metro cuadrado. En el poblado de Pie de la Cuesta 114, y la colonia Progreso 108.<\/p>\n\n\n\n<p>Seg\u00fan la SGIRyPC entre las afectaciones que se presentan en el municipio, es una vivienda que result\u00f3 afectada por ingreso de agua de aproximadamente 30 cent\u00edmetros en el poblado de Tres Palos, y una persona de la tercera edad fue evacuada.<\/p>\n\n\n\n<p>Tambi\u00e9n se registr\u00f3 la ca\u00edda de una roca de mediano tama\u00f1o en la carretera Esc\u00e9nica, poco antes de llegar a la curva de la \u201cS\u201d, la cual fue retirada por personal de la SGIRyPC.<\/p>\n\n\n\n<p>Mientras tanto, se report\u00f3 en la colonia San Agust\u00edn, el deslave de un cerro que caus\u00f3 da\u00f1os materiales a una vivienda, no se reportaron lesionados y atendi\u00f3 personal de protecci\u00f3n civil de Acapulco.<\/p>\n\n\n\n<p>Arroyo Matus inform\u00f3 a trav\u00e9s de un reporte de \u201cencharcamientos\u201d, en diferentes colonias y fraccionamientos de la zona de poblado de Llano Largo, as\u00ed como tambi\u00e9n en el fraccionamiento Princesa en la zona Diamante.<\/p>\n\n\n\n<p>El funcionario estatal, confirm\u00f3 que al menos 11 embarcaciones menores registraron inundaciones en la Bah\u00eda de Puerto Marqu\u00e9s, debido a que los propietarios no protegieron las mismas y se inundaron por las torrenciales lluvias que azotaron este destino.<\/p>\n\n\n\n<p>Cabe mencionar que el aeropuerto internacional de Acapulco, Juan N. \u00c1lvarez, opera con normalidad tras las ligeras inundaciones que se registraron, inform\u00f3 la Secretar\u00eda de turismo de Guerrero.<\/p>\n","protected":false},"excerpt":{"rendered":"<p>&#8212; Veh\u00edculos varados, suspensi\u00f3n de clases en algunas escuelas y del transporte p\u00fablico Javier Trujillo Acapulco, Gro.- Al menos 15 colonias de la zona suburbana de Acapulco, sufrieron las inundaciones&hellip; <\/p>\n","protected":false},"author":3,"featured_media":95696,"comment_status":"open","ping_status":"open","sticky":false,"template":"","format":"standard","meta":{"fifu_image_url":"https:\/\/www.interaccionnoticias.com.mx\/wp-content\/uploads\/2025\/09\/250924-INUNDACIONES-PORTENAS.jpg","fifu_image_alt":"","footnotes":""},"categories":[242],"tags":[],"class_list":["post-95693","post","type-post","status-publish","format-standard","has-post-thumbnail","hentry","category-acapulco"],"_links":{"self":[{"href":"https:\/\/www.interaccionnoticias.com.mx\/index.php?rest_route=\/wp\/v2\/posts\/95693","targetHints":{"allow":["GET"]}}],"collection":[{"href":"https:\/\/www.interaccionnoticias.com.mx\/index.php?rest_route=\/wp\/v2\/posts"}],"about":[{"href":"https:\/\/www.interaccionnoticias.com.mx\/index.php?rest_route=\/wp\/v2\/types\/post"}],"author":[{"embeddable":true,"href":"https:\/\/www.interaccionnoticias.com.mx\/index.php?rest_route=\/wp\/v2\/users\/3"}],"replies":[{"embeddable":true,"href":"https:\/\/www.interaccionnoticias.com.mx\/index.php?rest_route=%2Fwp%2Fv2%2Fcomments&post=95693"}],"version-history":[{"count":1,"href":"https:\/\/www.interaccionnoticias.com.mx\/index.php?rest_route=\/wp\/v2\/posts\/95693\/revisions"}],"predecessor-version":[{"id":95695,"href":"https:\/\/www.interaccionnoticias.com.mx\/index.php?rest_route=\/wp\/v2\/posts\/95693\/revisions\/95695"}],"wp:featuredmedia":[{"embeddable":true,"href":"https:\/\/www.interaccionnoticias.com.mx\/index.php?rest_route=\/wp\/v2\/media\/95696"}],"wp:attachment":[{"href":"https:\/\/www.interaccionnoticias.com.mx\/index.php?rest_route=%2Fwp%2Fv2%2Fmedia&parent=95693"}],"wp:term":[{"taxonomy":"category","embeddable":true,"href":"https:\/\/www.interaccionnoticias.com.mx\/index.php?rest_route=%2Fwp%2Fv2%2Fcategories&post=95693"},{"taxonomy":"post_tag","embeddable":true,"href":"https:\/\/www.interaccionnoticias.com.mx\/index.php?rest_route=%2Fwp%2Fv2%2Ftags&post=95693"}],"curies":[{"name":"wp","href":"https:\/\/api.w.org\/{rel}","templated":true}]}}