{"id":95690,"date":"2025-09-24T16:07:49","date_gmt":"2025-09-24T22:07:49","guid":{"rendered":"https:\/\/www.interaccionnoticias.com.mx\/?p=95690"},"modified":"2025-09-24T16:07:50","modified_gmt":"2025-09-24T22:07:50","slug":"seg-defiende-decision-de-destituir-al-director-de-la-esfaid","status":"publish","type":"post","link":"https:\/\/www.interaccionnoticias.com.mx\/?p=95690","title":{"rendered":"SEG defiende decisi\u00f3n de destituir al director de la ESFAID"},"content":{"rendered":"\n<p><em><strong>&#8212; Su permanencia en la secundaria ya no es factor de unidad<br>&#8212; Los alumnos tienen derecho a estudiar en un ambiente libre de violencia, dice el departamento jur\u00eddico<br>&#8212; Se le cambi\u00f3 de adscripci\u00f3n, no se le est\u00e1 despidiendo definitivamente, aclaran<\/strong><\/em><\/p>\n\n\n\n<p><strong>Rogelio Agust\u00edn<\/strong><\/p>\n\n\n\n<p>La estructura de la Secretar\u00eda de Educaci\u00f3n Guerrero (SEG) precis\u00f3 que el profesor Joaqu\u00edn Lugo Mill\u00e1n no fue despedido, ya que solo se le cambi\u00f3 de adscripci\u00f3n como director, a partir de que ya no es factor de unidad y su permanencia genera un ambiente de divisi\u00f3n y violencia en la Escuela Secundaria Federal Antonio I. Delgado (ESFAID).<\/p>\n\n\n\n<p>La tarde del mi\u00e9rcoles 24 de septiembre, Adalid Nava Morales; subsecretario de Educaci\u00f3n B\u00e1sica de la SEG, encabez\u00f3 una rueda de prensa en la que estuvo acompa\u00f1ado del director de Asuntos Jur\u00eddicos de la dependencia, Ranulfo Flores Garc\u00eda; Rafael Ram\u00edrez Avil\u00e9s, de la direcci\u00f3n de Escuelas Secundarias y Mario Alberto Agama Rodr\u00edguez, titular del \u00d3rgano Interno de la SEG.<\/p>\n\n\n\n<p>Dichos funcionarios manifestaron que la determinaci\u00f3n separar al director Lugo Mill\u00e1n fue producto de una investigaci\u00f3n detallada, que arroj\u00f3 como resultado la conclusi\u00f3n de que su permanencia en la direcci\u00f3n de la ESFAID ya no es viable, pues es evidente que en dicho plantel genera un ambiente de inestabilidad.<\/p>\n\n\n\n<p>Aclararon que de ninguna manera se da la raz\u00f3n a la Coordinadora Estatal de Trabajadores de la Educaci\u00f3n (CETEG), pero lo que se prioriza, es el derecho que los alumnos tienen a estudiar en un ambiente completamente libre de violencia.<\/p>\n\n\n\n<p>Relataron que actualmente, en ninguna otra escuela secundaria del estado se tiene ese nivel de problemas.<\/p>\n\n\n\n<p>Manifestaron que hubo una revisi\u00f3n de todos los materiales existentes sobre el caso, particularmente sobre los hechos registrados el 29 de agosto pasado, cuando un grupo de padres de familia irrumpi\u00f3 en la escuela para recuperarla de un grupo de manifestantes que la maten\u00edan tomada.<\/p>\n\n\n\n<p>\u201cLa Suprema Corte de Justicia nos planea que los ni\u00f1os tienen derecho a una educaci\u00f3n libre de violencia en los planteles, lo sucedido en la escuela representa una situaci\u00f3n grave que los ni\u00f1os de deben enfrentar\u201d, asegur\u00f3 el director de escuelas secundarias, Rafael Ram\u00edrez Avil\u00e9s.<\/p>\n\n\n\n<p>Manifestaron que al tomar parte de la irrupci\u00f3n del 29 de agosto, el director se coloc\u00f3 en el centro del conflicto como parte activa, pues lo que debi\u00f3 fue aplicar la normativa para evitar que se generara la confrontaci\u00f3n.<\/p>\n\n\n\n<p>Tambi\u00e9n aclararon que no se trata de un despido, pues se le est\u00e1 cambiando de adscripci\u00f3n, lo que implica que no pierde su clave ni los derechos ganados por los a\u00f1os de servicio.<\/p>\n\n\n\n<p>Negaron que se haya violado el derecho de audiencia de Lugo Mill\u00e1n, pues sostienen que tuvo conocimiento de las investigaciones realizadas y que incluso, varios de los expedientes tienen su firma de pu\u00f1o y letra.<\/p>\n\n\n\n<p>\u201cNo existe violaci\u00f3n de garant\u00edas, no se vulner\u00f3 su derecho de audiencia y se respet\u00f3 la Ley Federal del Trabajo\u201d, anot\u00f3 el responsable del Jur\u00eddico, Ranulfo Flores Garc\u00eda.<\/p>\n\n\n\n<p>Precis\u00f3 que solamente los trabajadores de base son inamovibles, pues los directores son funcionarios de confianza y se les puede cambiar de adscripci\u00f3n sin problemas legales.<\/p>\n\n\n\n<p>Aclararon que el del ex director no ser\u00e1 el \u00fanico movimiento, habr\u00e1 m\u00e1s porque existen otros trabajadores que aparecen en videos y fotograf\u00edas alentando a la confrontaci\u00f3n, por lo que la del profesor Lugo no ser\u00e1 la \u00fanica sanci\u00f3n aplicada.<\/p>\n","protected":false},"excerpt":{"rendered":"<p>&#8212; Su permanencia en la secundaria ya no es factor de unidad&#8212; Los alumnos tienen derecho a estudiar en un ambiente libre de violencia, dice el departamento jur\u00eddico&#8212; Se le&hellip; <\/p>\n","protected":false},"author":21,"featured_media":95692,"comment_status":"open","ping_status":"open","sticky":false,"template":"","format":"standard","meta":{"fifu_image_url":"https:\/\/www.interaccionnoticias.com.mx\/wp-content\/uploads\/2025\/09\/250924-ESFAID-SNTE-1.jpg","fifu_image_alt":"","footnotes":""},"categories":[6],"tags":[],"class_list":["post-95690","post","type-post","status-publish","format-standard","has-post-thumbnail","hentry","category-educacion"],"_links":{"self":[{"href":"https:\/\/www.interaccionnoticias.com.mx\/index.php?rest_route=\/wp\/v2\/posts\/95690","targetHints":{"allow":["GET"]}}],"collection":[{"href":"https:\/\/www.interaccionnoticias.com.mx\/index.php?rest_route=\/wp\/v2\/posts"}],"about":[{"href":"https:\/\/www.interaccionnoticias.com.mx\/index.php?rest_route=\/wp\/v2\/types\/post"}],"author":[{"embeddable":true,"href":"https:\/\/www.interaccionnoticias.com.mx\/index.php?rest_route=\/wp\/v2\/users\/21"}],"replies":[{"embeddable":true,"href":"https:\/\/www.interaccionnoticias.com.mx\/index.php?rest_route=%2Fwp%2Fv2%2Fcomments&post=95690"}],"version-history":[{"count":1,"href":"https:\/\/www.interaccionnoticias.com.mx\/index.php?rest_route=\/wp\/v2\/posts\/95690\/revisions"}],"predecessor-version":[{"id":95691,"href":"https:\/\/www.interaccionnoticias.com.mx\/index.php?rest_route=\/wp\/v2\/posts\/95690\/revisions\/95691"}],"wp:featuredmedia":[{"embeddable":true,"href":"https:\/\/www.interaccionnoticias.com.mx\/index.php?rest_route=\/wp\/v2\/media\/95692"}],"wp:attachment":[{"href":"https:\/\/www.interaccionnoticias.com.mx\/index.php?rest_route=%2Fwp%2Fv2%2Fmedia&parent=95690"}],"wp:term":[{"taxonomy":"category","embeddable":true,"href":"https:\/\/www.interaccionnoticias.com.mx\/index.php?rest_route=%2Fwp%2Fv2%2Fcategories&post=95690"},{"taxonomy":"post_tag","embeddable":true,"href":"https:\/\/www.interaccionnoticias.com.mx\/index.php?rest_route=%2Fwp%2Fv2%2Ftags&post=95690"}],"curies":[{"name":"wp","href":"https:\/\/api.w.org\/{rel}","templated":true}]}}