{"id":95686,"date":"2025-09-24T16:02:48","date_gmt":"2025-09-24T22:02:48","guid":{"rendered":"https:\/\/www.interaccionnoticias.com.mx\/?p=95686"},"modified":"2025-09-24T16:02:49","modified_gmt":"2025-09-24T22:02:49","slug":"fge-logra-vinculacion-a-proceso-a-tres-por-robo-de-vehiculo-doloso-en-acapulco","status":"publish","type":"post","link":"https:\/\/www.interaccionnoticias.com.mx\/?p=95686","title":{"rendered":"FGE logra vinculaci\u00f3n a proceso a tres por robo de veh\u00edculo doloso en Acapulco"},"content":{"rendered":"\n<p><strong><em>&#8212; El pasado 15 de septiembre se las robaron<br>&#8212; En la persecuci\u00f3n particip\u00f3 GN y SSP de Guerrero<\/em><\/strong><\/p>\n\n\n\n<p><strong>Javier Trujillo<\/strong><\/p>\n\n\n\n<p>Acapulco, Gro.- Diez d\u00edas despu\u00e9s del robo de cinco camionetas de la agencia automotriz Cresta, este mi\u00e9rcoles la Fiscal\u00eda General del Estado logr\u00f3 vincular a proceso a Porfirio \u201cN\u201d, Ian \u00abN\u00bb y Miguel \u00abN\u00bb por su probable participaci\u00f3n en el delito de robo de veh\u00edculo doloso.<\/p>\n\n\n\n<p>MILENIO inform\u00f3 que la madrugada del 15 de septiembre hombres armados entraron y se robaron ocho veh\u00edculos de la agencia automotriz Cresta, ubicada en la avenida Farall\u00f3n del Obispo en el puerto de Acapulco.<\/p>\n\n\n\n<p>De las unidades robadas, las autoridades ministeriales, Guardia Nacional y Polic\u00eda Estatal, lograron recuperar cinco veh\u00edculos tras una persecuci\u00f3n y balacera donde muri\u00f3 uno de los asaltantes y tres m\u00e1s fueron detenidos.<\/p>\n\n\n\n<p>Este mi\u00e9rcoles la FGE de Guerrero logr\u00f3 vincular a proceso a tres detenidos y no cinco por el robo de las unidades, como lo hab\u00eda informado el titular de la Secretaria de Seguridad P\u00fablica de Acapulco (SSP), Eduardo Arturo Bailleres Mendoza.<\/p>\n\n\n\n<p>Tras la realizaci\u00f3n de las diligencias, se logr\u00f3 determinar la participaci\u00f3n de los tres imputados en los hechos delictivos del pasado 15 de septiembre.<\/p>\n\n\n\n<p>De esta manera, en la continuaci\u00f3n de la audiencia, la Fiscal\u00eda de Guerrero present\u00f3 los correspondientes datos de prueba, por lo que el Juez de Control decret\u00f3 el auto de vinculaci\u00f3n a proceso en contra de los imputados.<\/p>\n\n\n\n<p>De tal modo que se les concedi\u00f3 un plazo de tres meses para el cierre de la investigaci\u00f3n complementaria, subsistiendo la medida cautelar de prisi\u00f3n preventiva justificada.<\/p>\n","protected":false},"excerpt":{"rendered":"<p>&#8212; El pasado 15 de septiembre se las robaron&#8212; En la persecuci\u00f3n particip\u00f3 GN y SSP de Guerrero Javier Trujillo Acapulco, Gro.- Diez d\u00edas despu\u00e9s del robo de cinco camionetas&hellip; <\/p>\n","protected":false},"author":3,"featured_media":95689,"comment_status":"open","ping_status":"open","sticky":false,"template":"","format":"standard","meta":{"fifu_image_url":"https:\/\/www.interaccionnoticias.com.mx\/wp-content\/uploads\/2025\/09\/250924-CC-FGE.jpg","fifu_image_alt":"","footnotes":""},"categories":[27],"tags":[],"class_list":["post-95686","post","type-post","status-publish","format-standard","has-post-thumbnail","hentry","category-seguridad-publica"],"_links":{"self":[{"href":"https:\/\/www.interaccionnoticias.com.mx\/index.php?rest_route=\/wp\/v2\/posts\/95686","targetHints":{"allow":["GET"]}}],"collection":[{"href":"https:\/\/www.interaccionnoticias.com.mx\/index.php?rest_route=\/wp\/v2\/posts"}],"about":[{"href":"https:\/\/www.interaccionnoticias.com.mx\/index.php?rest_route=\/wp\/v2\/types\/post"}],"author":[{"embeddable":true,"href":"https:\/\/www.interaccionnoticias.com.mx\/index.php?rest_route=\/wp\/v2\/users\/3"}],"replies":[{"embeddable":true,"href":"https:\/\/www.interaccionnoticias.com.mx\/index.php?rest_route=%2Fwp%2Fv2%2Fcomments&post=95686"}],"version-history":[{"count":1,"href":"https:\/\/www.interaccionnoticias.com.mx\/index.php?rest_route=\/wp\/v2\/posts\/95686\/revisions"}],"predecessor-version":[{"id":95688,"href":"https:\/\/www.interaccionnoticias.com.mx\/index.php?rest_route=\/wp\/v2\/posts\/95686\/revisions\/95688"}],"wp:featuredmedia":[{"embeddable":true,"href":"https:\/\/www.interaccionnoticias.com.mx\/index.php?rest_route=\/wp\/v2\/media\/95689"}],"wp:attachment":[{"href":"https:\/\/www.interaccionnoticias.com.mx\/index.php?rest_route=%2Fwp%2Fv2%2Fmedia&parent=95686"}],"wp:term":[{"taxonomy":"category","embeddable":true,"href":"https:\/\/www.interaccionnoticias.com.mx\/index.php?rest_route=%2Fwp%2Fv2%2Fcategories&post=95686"},{"taxonomy":"post_tag","embeddable":true,"href":"https:\/\/www.interaccionnoticias.com.mx\/index.php?rest_route=%2Fwp%2Fv2%2Ftags&post=95686"}],"curies":[{"name":"wp","href":"https:\/\/api.w.org\/{rel}","templated":true}]}}