{"id":95660,"date":"2025-10-01T11:50:00","date_gmt":"2025-10-01T17:50:00","guid":{"rendered":"https:\/\/www.interaccionnoticias.com.mx\/?p=95660"},"modified":"2025-10-01T12:13:51","modified_gmt":"2025-10-01T18:13:51","slug":"viva-la-paz-dice-la-gobernadora-de-guerrero-en-el-contexto-de-la-reactivacion-del-transporte-y-las-escuelas-de-chilpancingo","status":"publish","type":"post","link":"https:\/\/www.interaccionnoticias.com.mx\/?p=95660","title":{"rendered":"\u00a1Viva la paz! Dice la gobernadora de Guerrero, en el contexto de la reactivaci\u00f3n del transporte y las escuelas de Chilpancingo"},"content":{"rendered":"\n<p><strong><em>&#8212; Reconoce el respaldo de las fuerzas civiles y militares, durante la entrega de patrullas a la Polic\u00eda del Estado<br>&#8212; Evelyn Salgado Pineda reconoce que la paz no se establece por decreto<br>&#8212; \u201cEl \u00fanico pacto es con Guerrero\u201d, reitera<\/em><\/strong><\/p>\n\n\n\n<p><strong>Rogelio Agust\u00edn<\/strong><\/p>\n\n\n\n<p>\u201cViva la paz\u201d, cerr\u00f3 la gobernadora Evelyn Salgado Pineda un evento en el que entreg\u00f3 patrullas y cuatrimotos a la Polic\u00eda del Estado, en una jornada enmarcada por la reactivaci\u00f3n del transporte publico y el sector educativo en la capital de Guerrero, tras dos d\u00edas de paralizaci\u00f3n a consecuencia de la violencia generada por la pugna entre presuntos grupos del crimen organizado.<\/p>\n\n\n\n<p>El evento se desarroll\u00f3 en la explanada de Palacio de Gobierno, con la presencia de representantes de los Poderes Legislativo y Judicial, adem\u00e1s de alcaldes y titulares de organismos aut\u00f3nomos, como Derechos Humanos y la Universidad Aut\u00f3noma de Guerrero (UAGro).<\/p>\n\n\n\n<p>\u201cGuerrero merece seguridad\u201d, indic\u00f3 Salgado Pineda, al precisar que la paz no es algo que se pueda instalar por decreto, sino que se debe trabajar todos los d\u00edas para construirla, en un esfuerzo coordinado entre todos los niveles de gobierno y priorizando el combate a las causas.<\/p>\n\n\n\n<p>Para lograr la estabilidad, destac\u00f3 que se trabaja con base a la estrategia que pondera la inteligencia y la capacitaci\u00f3n del personal de la Polic\u00eda del Estado, para los que este d\u00eda anuncio incrementos salariales e incentivos que representan 15 millones de pesos, que para este a\u00f1o representan un alza estimada en 4 porciento.<\/p>\n\n\n\n<p>La ma\u00f1ana de este mi\u00e9rcoles, las organizaciones de transportistas del circuito R\u00edo Azul, la zona del Valle y Monta\u00f1a Baja retomaron el curso original de sus rutas para llegar nuevamente a los puntos donde oficialmente hacen base, lo que deriv\u00f3 en la normalizaci\u00f3n de actividades en el sector educativo y burocr\u00e1tico, que se vieron inmovilizados los d\u00edas lunes y martes.<\/p>\n\n\n\n<p>\u201cNo est\u00e1n solos y no est\u00e1n solas, tienen un gobierno cercano que trabaja todos los d\u00edas por la seguridad de los municipio y las comunidades\u201d, indic\u00f3 la gobernadora.<\/p>\n\n\n\n<p>Como en otras ocasiones, se desmarc\u00f3 de cualquier acuerdo con alguno de los grupos que se disputan el control territorial.<\/p>\n\n\n\n<p>\u201cNuestro \u00fanico pacto es con el pueblo de Guerrero\u201d, enfatiz\u00f3.<\/p>\n\n\n\n<p>En el mensaje dirigido en la explanada del Palacio de Gobierno, la jefa del Ejecutivo local insisti\u00f3 en que la paz no se alcanza de la noche a la ma\u00f1ana ni surge de manera fortuita, \u201cse construye como todo lo bueno que tenemos en nuestra vida y para ello se requiere del apoyo de todos\u201d.<\/p>\n\n\n\n<p>Agradeci\u00f3 el respaldo que su administraci\u00f3n ha recibido de parte de las instituciones civiles y militares, aunque no hizo una referencia directa a las casi 72 horas de tensi\u00f3n que se vivieron en la capital.<\/p>\n\n\n\n<p>Sin embargo s\u00ed destac\u00f3: \u201cEl destino de Guerrero no es la violencia, es la paz, el desarrollo y la justicia social. Todos anhelamos la paz en el estado, los municipios y nuestras comunidades\u201d.<\/p>\n\n\n\n<p>La gobernadora cerr\u00f3 su intervenci\u00f3n con tres palabras: \u00a1Viva la paz!<\/p>\n\n\n\n<p><\/p>\n","protected":false},"excerpt":{"rendered":"<p>&#8212; Reconoce el respaldo de las fuerzas civiles y militares, durante la entrega de patrullas a la Polic\u00eda del Estado&#8212; Evelyn Salgado Pineda reconoce que la paz no se establece&hellip; <\/p>\n","protected":false},"author":21,"featured_media":95943,"comment_status":"open","ping_status":"open","sticky":false,"template":"","format":"standard","meta":{"fifu_image_url":"https:\/\/www.interaccionnoticias.com.mx\/wp-content\/uploads\/2025\/10\/251001-Evelyn-Salgado-Pineda.jpg","fifu_image_alt":"","footnotes":""},"categories":[11],"tags":[],"class_list":["post-95660","post","type-post","status-publish","format-standard","has-post-thumbnail","hentry","category-guerrero"],"_links":{"self":[{"href":"https:\/\/www.interaccionnoticias.com.mx\/index.php?rest_route=\/wp\/v2\/posts\/95660","targetHints":{"allow":["GET"]}}],"collection":[{"href":"https:\/\/www.interaccionnoticias.com.mx\/index.php?rest_route=\/wp\/v2\/posts"}],"about":[{"href":"https:\/\/www.interaccionnoticias.com.mx\/index.php?rest_route=\/wp\/v2\/types\/post"}],"author":[{"embeddable":true,"href":"https:\/\/www.interaccionnoticias.com.mx\/index.php?rest_route=\/wp\/v2\/users\/21"}],"replies":[{"embeddable":true,"href":"https:\/\/www.interaccionnoticias.com.mx\/index.php?rest_route=%2Fwp%2Fv2%2Fcomments&post=95660"}],"version-history":[{"count":2,"href":"https:\/\/www.interaccionnoticias.com.mx\/index.php?rest_route=\/wp\/v2\/posts\/95660\/revisions"}],"predecessor-version":[{"id":95942,"href":"https:\/\/www.interaccionnoticias.com.mx\/index.php?rest_route=\/wp\/v2\/posts\/95660\/revisions\/95942"}],"wp:featuredmedia":[{"embeddable":true,"href":"https:\/\/www.interaccionnoticias.com.mx\/index.php?rest_route=\/wp\/v2\/media\/95943"}],"wp:attachment":[{"href":"https:\/\/www.interaccionnoticias.com.mx\/index.php?rest_route=%2Fwp%2Fv2%2Fmedia&parent=95660"}],"wp:term":[{"taxonomy":"category","embeddable":true,"href":"https:\/\/www.interaccionnoticias.com.mx\/index.php?rest_route=%2Fwp%2Fv2%2Fcategories&post=95660"},{"taxonomy":"post_tag","embeddable":true,"href":"https:\/\/www.interaccionnoticias.com.mx\/index.php?rest_route=%2Fwp%2Fv2%2Ftags&post=95660"}],"curies":[{"name":"wp","href":"https:\/\/api.w.org\/{rel}","templated":true}]}}