{"id":95574,"date":"2025-09-22T20:17:54","date_gmt":"2025-09-23T02:17:54","guid":{"rendered":"https:\/\/www.interaccionnoticias.com.mx\/?p=95574"},"modified":"2025-09-22T20:17:55","modified_gmt":"2025-09-23T02:17:55","slug":"en-redes-sociales-el-diputado-julian-lopez-y-la-dirigente-del-mc-en-acapulco-desmienten-su-salida-del-partido","status":"publish","type":"post","link":"https:\/\/www.interaccionnoticias.com.mx\/?p=95574","title":{"rendered":"En redes sociales, el diputado Juli\u00e1n L\u00f3pez y la dirigente del MC en Acapulco desmienten su salida del partido"},"content":{"rendered":"\n<p><strong><em>&#8212; El fin de semana fueron retratados con operadores de Estela Dami\u00e1n, aspirante de MORENA al gobierno de Guerrero<br>&#8212; \u201cSigamos en Movimiento\u201d, dicen en sus redes sociales; etiquetan a Dante Delgado Ranauro y Jorge \u00c1lvarez Maynes<\/em><\/strong><\/p>\n\n\n\n<p><strong>Rogelio Agust\u00edn<\/strong><\/p>\n\n\n\n<p>A pocas horas de que fueran exhibidos como simpatizantes de la subsecretaria de Seguridad P\u00fablica Federal, la morenista Estela Dami\u00e1n Peralta, el diputado local por Movimiento Ciudadano (MC), Juli\u00e1n L\u00f3pez Galeana y la dirigente municipal de dicho instituto pol\u00edtico en Acapulco, Vicy Trani ratificaron su permanencia en el partido naranja.<\/p>\n\n\n\n<p>El domingo 21 de septiembre, en redes sociales se difundi\u00f3 una imagen en la que aparecen dirigentes de diferentes partidos pol\u00edticos, entre ellos el diputado local por MC, Juli\u00e1n L\u00f3pez Galeana, la dirigente del comit\u00e9 naranja en el puerto de Acapulco y entre otros, el ex candidato a la alcald\u00eda en el mismo destino de playa, Yoshio \u00c1vila.<\/p>\n\n\n\n<p>Casi al centro de la imagen se coloca el ex dirigente estatal del PRD y tres veces diputado local, Sebasti\u00e1n Alfonso de la Rosa Pel\u00e1ez, quien recientemente se separ\u00f3 del MC para sumarse al proyecto que representa Dami\u00e1n Peralta, a quien se maneja como posible candidata al Gobierno de Guerrero por MORENA.<\/p>\n\n\n\n<p>La informaci\u00f3n se difundi\u00f3 r\u00e1pidamente, incluso, algunos analistas manejaron la versi\u00f3n de que este martes 23 de septiembre, Juli\u00e1n L\u00f3pez dejar\u00eda la representaci\u00f3n parlamentaria del MC para sumarse a la bancada de MORENA, que ya tiene 25 diputados, de los 46 que integran al Congreso de Guerrero.<\/p>\n\n\n\n<p>La jornada del lunes 22, el ex dirigente estatal de MC y diputado local por dicho partido coloc\u00f3 en su p\u00e1gina de Facebook una serie de fotograf\u00edas que desmienten su posible salida del movimiento naranja.<\/p>\n\n\n\n<p>Comienza con una frase que destaca con signos de admiraci\u00f3n: \u201c\u00a1M\u00e1s unidos que nunca!\u201d.<\/p>\n\n\n\n<p>Luego se\u00f1ala: \u201cJunto a Vicky Trani, coordinadora operativa municipal; Luisa Fontova, delegada estatal y nuestra regidora \u00c1ngela Rodr\u00edguez, coordinadora del MC en el cabildo de Acapulco, coincidimos en la ruta de volver a gobernar nuestra ciudad\u201d.<\/p>\n\n\n\n<p>Cierra con la frase: \u201cSigamos en movimiento\u201d y da espacio para etiquetar al dirigente moral, Dante Delgado Ranauro y el ex candidato presidencial, Jorge \u00c1lvarez Maynez.<\/p>\n\n\n\n<p>En la publicaci\u00f3n no se dice m\u00e1s.<\/p>\n","protected":false},"excerpt":{"rendered":"<p>&#8212; El fin de semana fueron retratados con operadores de Estela Dami\u00e1n, aspirante de MORENA al gobierno de Guerrero&#8212; \u201cSigamos en Movimiento\u201d, dicen en sus redes sociales; etiquetan a Dante&hellip; <\/p>\n","protected":false},"author":21,"featured_media":95577,"comment_status":"open","ping_status":"open","sticky":false,"template":"","format":"standard","meta":{"fifu_image_url":"https:\/\/www.interaccionnoticias.com.mx\/wp-content\/uploads\/2025\/09\/250922-MC-1.jpg","fifu_image_alt":"","footnotes":""},"categories":[18],"tags":[],"class_list":["post-95574","post","type-post","status-publish","format-standard","has-post-thumbnail","hentry","category-partidos-politicos"],"_links":{"self":[{"href":"https:\/\/www.interaccionnoticias.com.mx\/index.php?rest_route=\/wp\/v2\/posts\/95574","targetHints":{"allow":["GET"]}}],"collection":[{"href":"https:\/\/www.interaccionnoticias.com.mx\/index.php?rest_route=\/wp\/v2\/posts"}],"about":[{"href":"https:\/\/www.interaccionnoticias.com.mx\/index.php?rest_route=\/wp\/v2\/types\/post"}],"author":[{"embeddable":true,"href":"https:\/\/www.interaccionnoticias.com.mx\/index.php?rest_route=\/wp\/v2\/users\/21"}],"replies":[{"embeddable":true,"href":"https:\/\/www.interaccionnoticias.com.mx\/index.php?rest_route=%2Fwp%2Fv2%2Fcomments&post=95574"}],"version-history":[{"count":1,"href":"https:\/\/www.interaccionnoticias.com.mx\/index.php?rest_route=\/wp\/v2\/posts\/95574\/revisions"}],"predecessor-version":[{"id":95576,"href":"https:\/\/www.interaccionnoticias.com.mx\/index.php?rest_route=\/wp\/v2\/posts\/95574\/revisions\/95576"}],"wp:featuredmedia":[{"embeddable":true,"href":"https:\/\/www.interaccionnoticias.com.mx\/index.php?rest_route=\/wp\/v2\/media\/95577"}],"wp:attachment":[{"href":"https:\/\/www.interaccionnoticias.com.mx\/index.php?rest_route=%2Fwp%2Fv2%2Fmedia&parent=95574"}],"wp:term":[{"taxonomy":"category","embeddable":true,"href":"https:\/\/www.interaccionnoticias.com.mx\/index.php?rest_route=%2Fwp%2Fv2%2Fcategories&post=95574"},{"taxonomy":"post_tag","embeddable":true,"href":"https:\/\/www.interaccionnoticias.com.mx\/index.php?rest_route=%2Fwp%2Fv2%2Ftags&post=95574"}],"curies":[{"name":"wp","href":"https:\/\/api.w.org\/{rel}","templated":true}]}}