{"id":95571,"date":"2025-09-22T18:15:51","date_gmt":"2025-09-23T00:15:51","guid":{"rendered":"https:\/\/www.interaccionnoticias.com.mx\/?p=95571"},"modified":"2025-09-22T18:15:52","modified_gmt":"2025-09-23T00:15:52","slug":"mexico-inseguro-o-asesino","status":"publish","type":"post","link":"https:\/\/www.interaccionnoticias.com.mx\/?p=95571","title":{"rendered":"M\u00e9xico inseguro o asesino"},"content":{"rendered":"\n<p><strong>David Mart\u00ednez T\u00e9llez<\/strong><\/p>\n\n\n\n<p><strong><em>Analista pol\u00edtico, comunic\u00f3logo y acad\u00e9mico UAGro<\/em><\/strong><\/p>\n\n\n\n<p>El gobierno mexicano informa que los indicadores de inseguridad se han reducido, en por lo menos, 15 por ciento. Descendi\u00f3 del 60 al 45 por ciento.<\/p>\n\n\n\n<p>El gobierno norteamericano dice que el territorio llamado M\u00e9xico se encuentra controlado en un 60 por ciento por grupos delincuenciales. Ellos los califican de terroristas. Palabra que utilizan para justificar una invasi\u00f3n. Estos grupos delincuenciales se enfrentan y en esos combates se derivan da\u00f1os colaterales; es decir muere gente inocente.<\/p>\n\n\n\n<p>El caso m\u00e1s emblem\u00e1tico de combates entre ellos, sin que la autoridad o el gobierno puedan contener esa guerra, se llama Sinaloa, en donde han muerto mil 800 personas y se encuentran desaparecidas casi dos mil, en lo que va s\u00f3lo del a\u00f1o 2025.<\/p>\n\n\n\n<p>El sexenio de AMLO culmin\u00f3 con cerca de 200 mil homicidios; el de Pe\u00f1a Nieto con 156 mil y Calder\u00f3n registr\u00f3 115 mil.<\/p>\n\n\n\n<p>Encuestas aplicadas en M\u00e9xico indican que la percepci\u00f3n social sobre el tema inseguridad se ubica en 60 por ciento de la poblaci\u00f3n. Pa\u00eds inseguro.<\/p>\n\n\n\n<p>Uno de los principales problemas sociales de M\u00e9xico es la inseguridad.<\/p>\n\n\n\n<p>Parece que ning\u00fan lugar o sitio por muy reducido o escondido que se encuentre en este pa\u00eds conocido como M\u00e9xico est\u00e1 a salvo de la delincuencia.<\/p>\n\n\n\n<p>La gente generaliza e ironiza \u201c\u00bfen d\u00f3nde hay tranquilidad?\u201d y concluye en todas partes se encuentra lo mismo. Ya no se puede caminar por calles o avenidas despu\u00e9s de las 6 de la tarde.<\/p>\n\n\n\n<p>Las agencias de viaje, principalmente norteamericanas, destacan la palabra peligro o cuidado como recomendaci\u00f3n cuando van a visitar cualquier sitio tur\u00edstico en M\u00e9xico.<\/p>\n\n\n\n<p>La imagen que ayer enviamos al mundo es que en M\u00e9xico se asesinan a los j\u00f3venes. Y esto es resultado de que hayan desparecido y luego encontrado muertos a dos cantantes de origen colombiano. El calificativo de asesino la retomo de las declaraciones del presidente colombiano Gustavo Petro, porque dijo que en M\u00e9xico est\u00e1n asesinando a nuestros j\u00f3venes. Este suceso es consecuencia de la inseguridad que se vive diariamente en este M\u00e9xico lindo y querido.<\/p>\n","protected":false},"excerpt":{"rendered":"<p>David Mart\u00ednez T\u00e9llez Analista pol\u00edtico, comunic\u00f3logo y acad\u00e9mico UAGro El gobierno mexicano informa que los indicadores de inseguridad se han reducido, en por lo menos, 15 por ciento. Descendi\u00f3 del&hellip; <\/p>\n","protected":false},"author":27,"featured_media":95573,"comment_status":"open","ping_status":"open","sticky":false,"template":"","format":"standard","meta":{"fifu_image_url":"https:\/\/www.interaccionnoticias.com.mx\/wp-content\/uploads\/2024\/09\/240929-David-Martinez-Tellez.jpg","fifu_image_alt":"","footnotes":""},"categories":[16],"tags":[],"class_list":["post-95571","post","type-post","status-publish","format-standard","has-post-thumbnail","hentry","category-opinion"],"_links":{"self":[{"href":"https:\/\/www.interaccionnoticias.com.mx\/index.php?rest_route=\/wp\/v2\/posts\/95571","targetHints":{"allow":["GET"]}}],"collection":[{"href":"https:\/\/www.interaccionnoticias.com.mx\/index.php?rest_route=\/wp\/v2\/posts"}],"about":[{"href":"https:\/\/www.interaccionnoticias.com.mx\/index.php?rest_route=\/wp\/v2\/types\/post"}],"author":[{"embeddable":true,"href":"https:\/\/www.interaccionnoticias.com.mx\/index.php?rest_route=\/wp\/v2\/users\/27"}],"replies":[{"embeddable":true,"href":"https:\/\/www.interaccionnoticias.com.mx\/index.php?rest_route=%2Fwp%2Fv2%2Fcomments&post=95571"}],"version-history":[{"count":1,"href":"https:\/\/www.interaccionnoticias.com.mx\/index.php?rest_route=\/wp\/v2\/posts\/95571\/revisions"}],"predecessor-version":[{"id":95572,"href":"https:\/\/www.interaccionnoticias.com.mx\/index.php?rest_route=\/wp\/v2\/posts\/95571\/revisions\/95572"}],"wp:featuredmedia":[{"embeddable":true,"href":"https:\/\/www.interaccionnoticias.com.mx\/index.php?rest_route=\/wp\/v2\/media\/95573"}],"wp:attachment":[{"href":"https:\/\/www.interaccionnoticias.com.mx\/index.php?rest_route=%2Fwp%2Fv2%2Fmedia&parent=95571"}],"wp:term":[{"taxonomy":"category","embeddable":true,"href":"https:\/\/www.interaccionnoticias.com.mx\/index.php?rest_route=%2Fwp%2Fv2%2Fcategories&post=95571"},{"taxonomy":"post_tag","embeddable":true,"href":"https:\/\/www.interaccionnoticias.com.mx\/index.php?rest_route=%2Fwp%2Fv2%2Ftags&post=95571"}],"curies":[{"name":"wp","href":"https:\/\/api.w.org\/{rel}","templated":true}]}}