{"id":95565,"date":"2025-09-22T16:43:00","date_gmt":"2025-09-22T22:43:00","guid":{"rendered":"https:\/\/www.interaccionnoticias.com.mx\/?p=95565"},"modified":"2025-09-22T17:40:28","modified_gmt":"2025-09-22T23:40:28","slug":"de-luto-la-facom-fallecen-dos-jovenes-por-distintas-causas","status":"publish","type":"post","link":"https:\/\/www.interaccionnoticias.com.mx\/?p=95565","title":{"rendered":"De luto la Facom, fallecen dos j\u00f3venes por distintas causas"},"content":{"rendered":"\n<p><strong><em>&#8212; Un joven el s\u00e1bado particip\u00f3 en su ceremonia de graduaci\u00f3n y la chica cursaba el tercer grado<\/em><\/strong><\/p>\n\n\n\n<p><strong>Rosario Garc\u00eda Orozco<\/strong><\/p>\n\n\n\n<p>Una estudiante y un joven reci\u00e9n egresado de la Facultad de Ciencias de la Comunicaci\u00f3n de la Universidad Aut\u00f3noma de Guerrero (Uagro) perdieron la vida por diferentes razones este lunes.<\/p>\n\n\n\n<p>En la p\u00e1gina de Facebook de la Facom, este d\u00eda fueron publicadas dos esquelas por el fallecimiento de los j\u00f3venes Jos\u00e9 Guadalupe Ojeda Flores y Melany Samanta G\u00f3mez Salgado, que enluta a la comunidad estudiantil de ese plantel.<\/p>\n\n\n\n<p>En el caso de Melany Samanta G\u00f3mez Salgado, era estudiante del tercer a\u00f1o de la Licenciatura en Ciencias de la Comunicaci\u00f3n y adem\u00e1s de la esquela publicada en la p\u00e1gina de la Facom, se ley\u00f3 en la p\u00e1gina Onda San Francisco el siguiente texto: Ondinos, con profunda tristeza en el coraz\u00f3n, elevamos nuestras oraciones por el eterno descanso de nuestra hermana, Melany Samantha G\u00f3mez Salgado, Coordinadora de la Delegaci\u00f3n Chilpancingo San Francisco, un grupo de j\u00f3venes cat\u00f3licos.<\/p>\n\n\n\n<p>La chica ten\u00eda 20 a\u00f1os, \u00abMelany parti\u00f3 a la Casa del Padre despu\u00e9s de haber servido con alegr\u00eda y entrega en la Iglesia joven de Cristo, dentro del Movimiento Onda Juvenil Cat\u00f3lica. Confiamos en que hoy se encuentra en los brazos de nuestro Amigo Jes\u00fas, a quien entreg\u00f3 su caminar como ondina y servidora. \ud83e\udd0d\u00bb<\/p>\n\n\n\n<p>El texto agrega: \u00abAgradecemos a Dios por su vida, por su testimonio y por el camino de santidad que emprendi\u00f3. Su memoria y servicio permanecer\u00e1n en nuestros corazones. Pedimos a nuestra Mamita Mar\u00eda que la lleve de la mano al encuentro con su Hijo, y rogamos por fortaleza y consuelo para su familia, amigos y para toda su delegaci\u00f3n\u00bb.<\/p>\n\n\n\n<p>Entre los estudiantes y maestros de la Facom s\u00f3lo se supo que la chica ten\u00eda problemas de salud.<\/p>\n\n\n\n<p>Mientras que el joven Jos\u00e9 Guadalupe Ojeda Flores, reci\u00e9n hab\u00eda participado en su ceremonia de graduaci\u00f3n de la Licenciatura en Ciencias de la Comunicaci\u00f3n, el s\u00e1bado pasado, y fue encontrado sin vida en el cuarto en el que viv\u00eda.<\/p>\n\n\n\n<figure class=\"wp-block-gallery has-nested-images columns-default is-cropped wp-block-gallery-1 is-layout-flex wp-block-gallery-is-layout-flex\">\n<figure class=\"wp-block-image size-large\"><img decoding=\"async\" src=\"data:image\/gif;base64,R0lGODlhAQABAIAAAAAAAP\/\/\/ywAAAAAAQABAAACAUwAOw==\" fifu-lazy=\"1\" fifu-data-sizes=\"auto\" fifu-data-srcset=\"https:\/\/i2.wp.com\/www.interaccionnoticias.com.mx\/wp-content\/uploads\/2025\/09\/250922-luto-la-Facom-2-834x1024.jpg?ssl=1&w=75&resize=75&ssl=1 75w, https:\/\/i2.wp.com\/www.interaccionnoticias.com.mx\/wp-content\/uploads\/2025\/09\/250922-luto-la-Facom-2-834x1024.jpg?ssl=1&w=100&resize=100&ssl=1 100w, https:\/\/i2.wp.com\/www.interaccionnoticias.com.mx\/wp-content\/uploads\/2025\/09\/250922-luto-la-Facom-2-834x1024.jpg?ssl=1&w=150&resize=150&ssl=1 150w, https:\/\/i2.wp.com\/www.interaccionnoticias.com.mx\/wp-content\/uploads\/2025\/09\/250922-luto-la-Facom-2-834x1024.jpg?ssl=1&w=240&resize=240&ssl=1 240w, https:\/\/i2.wp.com\/www.interaccionnoticias.com.mx\/wp-content\/uploads\/2025\/09\/250922-luto-la-Facom-2-834x1024.jpg?ssl=1&w=320&resize=320&ssl=1 320w, https:\/\/i2.wp.com\/www.interaccionnoticias.com.mx\/wp-content\/uploads\/2025\/09\/250922-luto-la-Facom-2-834x1024.jpg?ssl=1&w=500&resize=500&ssl=1 500w, https:\/\/i2.wp.com\/www.interaccionnoticias.com.mx\/wp-content\/uploads\/2025\/09\/250922-luto-la-Facom-2-834x1024.jpg?ssl=1&w=640&resize=640&ssl=1 640w, https:\/\/i2.wp.com\/www.interaccionnoticias.com.mx\/wp-content\/uploads\/2025\/09\/250922-luto-la-Facom-2-834x1024.jpg?ssl=1&w=800&resize=800&ssl=1 800w, https:\/\/i2.wp.com\/www.interaccionnoticias.com.mx\/wp-content\/uploads\/2025\/09\/250922-luto-la-Facom-2-834x1024.jpg?ssl=1&w=1024&resize=1024&ssl=1 1024w, https:\/\/i2.wp.com\/www.interaccionnoticias.com.mx\/wp-content\/uploads\/2025\/09\/250922-luto-la-Facom-2-834x1024.jpg?ssl=1&w=1280&resize=1280&ssl=1 1280w, https:\/\/i2.wp.com\/www.interaccionnoticias.com.mx\/wp-content\/uploads\/2025\/09\/250922-luto-la-Facom-2-834x1024.jpg?ssl=1&w=1600&resize=1600&ssl=1 1600w\" data-id=\"95568\" fifu-data-src=\"https:\/\/i2.wp.com\/www.interaccionnoticias.com.mx\/wp-content\/uploads\/2025\/09\/250922-luto-la-Facom-2-834x1024.jpg?ssl=1\" alt=\"\" class=\"wp-image-95568\"\/><\/figure>\n\n\n\n<figure class=\"wp-block-image size-large\"><img decoding=\"async\" src=\"data:image\/gif;base64,R0lGODlhAQABAIAAAAAAAP\/\/\/ywAAAAAAQABAAACAUwAOw==\" fifu-lazy=\"1\" fifu-data-sizes=\"auto\" fifu-data-srcset=\"https:\/\/i0.wp.com\/www.interaccionnoticias.com.mx\/wp-content\/uploads\/2025\/09\/250922-luto-la-Facom-1-576x1024.jpg?ssl=1&w=75&resize=75&ssl=1 75w, https:\/\/i0.wp.com\/www.interaccionnoticias.com.mx\/wp-content\/uploads\/2025\/09\/250922-luto-la-Facom-1-576x1024.jpg?ssl=1&w=100&resize=100&ssl=1 100w, https:\/\/i0.wp.com\/www.interaccionnoticias.com.mx\/wp-content\/uploads\/2025\/09\/250922-luto-la-Facom-1-576x1024.jpg?ssl=1&w=150&resize=150&ssl=1 150w, https:\/\/i0.wp.com\/www.interaccionnoticias.com.mx\/wp-content\/uploads\/2025\/09\/250922-luto-la-Facom-1-576x1024.jpg?ssl=1&w=240&resize=240&ssl=1 240w, https:\/\/i0.wp.com\/www.interaccionnoticias.com.mx\/wp-content\/uploads\/2025\/09\/250922-luto-la-Facom-1-576x1024.jpg?ssl=1&w=320&resize=320&ssl=1 320w, https:\/\/i0.wp.com\/www.interaccionnoticias.com.mx\/wp-content\/uploads\/2025\/09\/250922-luto-la-Facom-1-576x1024.jpg?ssl=1&w=500&resize=500&ssl=1 500w, https:\/\/i0.wp.com\/www.interaccionnoticias.com.mx\/wp-content\/uploads\/2025\/09\/250922-luto-la-Facom-1-576x1024.jpg?ssl=1&w=640&resize=640&ssl=1 640w, https:\/\/i0.wp.com\/www.interaccionnoticias.com.mx\/wp-content\/uploads\/2025\/09\/250922-luto-la-Facom-1-576x1024.jpg?ssl=1&w=800&resize=800&ssl=1 800w, https:\/\/i0.wp.com\/www.interaccionnoticias.com.mx\/wp-content\/uploads\/2025\/09\/250922-luto-la-Facom-1-576x1024.jpg?ssl=1&w=1024&resize=1024&ssl=1 1024w, https:\/\/i0.wp.com\/www.interaccionnoticias.com.mx\/wp-content\/uploads\/2025\/09\/250922-luto-la-Facom-1-576x1024.jpg?ssl=1&w=1280&resize=1280&ssl=1 1280w, https:\/\/i0.wp.com\/www.interaccionnoticias.com.mx\/wp-content\/uploads\/2025\/09\/250922-luto-la-Facom-1-576x1024.jpg?ssl=1&w=1600&resize=1600&ssl=1 1600w\" data-id=\"95567\" fifu-data-src=\"https:\/\/i0.wp.com\/www.interaccionnoticias.com.mx\/wp-content\/uploads\/2025\/09\/250922-luto-la-Facom-1-576x1024.jpg?ssl=1\" alt=\"\" class=\"wp-image-95567\"\/><\/figure>\n<\/figure>\n","protected":false},"excerpt":{"rendered":"<p>&#8212; Un joven el s\u00e1bado particip\u00f3 en su ceremonia de graduaci\u00f3n y la chica cursaba el tercer grado Rosario Garc\u00eda Orozco Una estudiante y un joven reci\u00e9n egresado de la&hellip; <\/p>\n","protected":false},"author":14,"featured_media":95570,"comment_status":"open","ping_status":"open","sticky":false,"template":"","format":"standard","meta":{"fifu_image_url":"https:\/\/www.interaccionnoticias.com.mx\/wp-content\/uploads\/2025\/09\/250922-luto-la-Facom.jpg","fifu_image_alt":"","footnotes":""},"categories":[6],"tags":[],"class_list":["post-95565","post","type-post","status-publish","format-standard","has-post-thumbnail","hentry","category-educacion"],"_links":{"self":[{"href":"https:\/\/www.interaccionnoticias.com.mx\/index.php?rest_route=\/wp\/v2\/posts\/95565","targetHints":{"allow":["GET"]}}],"collection":[{"href":"https:\/\/www.interaccionnoticias.com.mx\/index.php?rest_route=\/wp\/v2\/posts"}],"about":[{"href":"https:\/\/www.interaccionnoticias.com.mx\/index.php?rest_route=\/wp\/v2\/types\/post"}],"author":[{"embeddable":true,"href":"https:\/\/www.interaccionnoticias.com.mx\/index.php?rest_route=\/wp\/v2\/users\/14"}],"replies":[{"embeddable":true,"href":"https:\/\/www.interaccionnoticias.com.mx\/index.php?rest_route=%2Fwp%2Fv2%2Fcomments&post=95565"}],"version-history":[{"count":1,"href":"https:\/\/www.interaccionnoticias.com.mx\/index.php?rest_route=\/wp\/v2\/posts\/95565\/revisions"}],"predecessor-version":[{"id":95569,"href":"https:\/\/www.interaccionnoticias.com.mx\/index.php?rest_route=\/wp\/v2\/posts\/95565\/revisions\/95569"}],"wp:featuredmedia":[{"embeddable":true,"href":"https:\/\/www.interaccionnoticias.com.mx\/index.php?rest_route=\/wp\/v2\/media\/95570"}],"wp:attachment":[{"href":"https:\/\/www.interaccionnoticias.com.mx\/index.php?rest_route=%2Fwp%2Fv2%2Fmedia&parent=95565"}],"wp:term":[{"taxonomy":"category","embeddable":true,"href":"https:\/\/www.interaccionnoticias.com.mx\/index.php?rest_route=%2Fwp%2Fv2%2Fcategories&post=95565"},{"taxonomy":"post_tag","embeddable":true,"href":"https:\/\/www.interaccionnoticias.com.mx\/index.php?rest_route=%2Fwp%2Fv2%2Ftags&post=95565"}],"curies":[{"name":"wp","href":"https:\/\/api.w.org\/{rel}","templated":true}]}}