{"id":95510,"date":"2025-09-21T16:43:00","date_gmt":"2025-09-21T22:43:00","guid":{"rendered":"https:\/\/www.interaccionnoticias.com.mx\/?p=95510"},"modified":"2025-09-21T20:09:53","modified_gmt":"2025-09-22T02:09:53","slug":"marchan-en-chilpancingo-normalistas-y-padres-de-familia-de-los-43-estudiantes-desaparecidos","status":"publish","type":"post","link":"https:\/\/www.interaccionnoticias.com.mx\/?p=95510","title":{"rendered":"Marchan en Chilpancingo normalistas y padres de familia de los 43 estudiantes desaparecidos"},"content":{"rendered":"\n<p><strong><em>&#8212; Han pasado casi 11 a\u00f1os de los hechos violentos<br>&#8212; Los padres conf\u00edan en que se llegue a la verdad<\/em><\/strong><\/p>\n\n\n\n<p><strong>Rosario Garc\u00eda Orozco<\/strong><\/p>\n\n\n\n<p>A casi 11 a\u00f1os de la desaparici\u00f3n de los 43 normalistas de Ayotznapa, sus padres y madres, y estudiantes esa normal rural marcharon por calles de Chilpancingo para exigir su presentaci\u00f3n con vida y que haya resultados efectivos de las investigaciones para que haya justicia.<\/p>\n\n\n\n<p>Los padres y madres que integran el colectivo \u00abnos Faltan 43\u00bb se dijeron confiados en que tengan una respuesta efectiva por parte de las autoridades federales en torno al paradero de sus hijos.<\/p>\n\n\n\n<p>\u201cSeguimos de pie, seguimos en las calles, seguimos dando la informaci\u00f3n a la comunidad, estamos aqu\u00ed en Chilpancingo para decirles que aqu\u00ed estamos las mam\u00e1s, y los pap\u00e1s y seguimos buscando a nuestros hijos\u201d, remarco la se\u00f1ora Cristina Bautista Salvador, madre de Benjam\u00edn Ausencio Salvador, al participar en una marcha en la capital del estado.<\/p>\n\n\n\n<p>Tras la marcha, que dio inicio en el monumento a Nicol\u00e1s Bravo, ubicado al norte de Chilpancingo, los manifestantes se reunieron en la plaza Central de la capital.<\/p>\n\n\n\n<p>Los padres de familia de los normalistas reconocieron y agradecieron a la ciudadan\u00eda el apoyo para con el movimiento a casi 11 a\u00f1os de la desaparici\u00f3n de sus hijos en Iguala un 26 de septiembre del 2014.<\/p>\n\n\n\n<p>Cristina Bautista se\u00f1al\u00f3 que la normal de Ayotzinapa y el resto de las normales del pa\u00eds siguen siendo su \u201cbrazo fuerte\u201d para seguir en las calles, y pidieron que los l\u00edderes estudiantiles no utilicen el movimiento como trampol\u00edn pol\u00edtico, como lo hicieron dos de los ex alumnos que ahora forman parte de la clase pol\u00edtica de Morena.<\/p>\n\n\n\n<p>Dijo confiar en que la administraci\u00f3n de la presidenta Claudia Sheinbaum Pardo s\u00ed de resultados en la investigaci\u00f3n que se sigue sobre el caso Ayotzinapa, \u201csiguen avanzado las investigaciones, esperemos que sea real, nosotros tenemos 11 a\u00f1os de exigencia y la presidenta apenas tiene un a\u00f1o en ese encargo y le faltan muchas cosas que hacer, entre otras avanzar con las investigaciones y s\u00ed tengo la esperanza de que, s\u00ed vamos a llegar a la verdad\u201d.<\/p>\n\n\n\n<p>Mientras que Hilda Hern\u00e1ndez, madre de C\u00e9sar Gonz\u00e1lez Hern\u00e1ndez, asegur\u00f3 que durante caso 11 a\u00f1os han salido a las calles a manifestarse \u00aby lo seguiremos haciendo porque el amor a un hijo es muy grande\u00bb, y agreg\u00f3: \u00abLo \u00fanico que queremos es saber la verdad\u00bb.<\/p>\n\n\n\n<p>Durante el mitin en el z\u00f3calo de la ciudad el abogado de los padres de los 43, Isidro Vicario Aguilar, denunci\u00f3 que a 11 a\u00f1os de esos hechos violentos no hay avances reales en las investigaciones, \u00abde parte de las autoridades no ha habido sensibilidad para entender el dolor de los familiares, han sido los propios familiares quienes han puesto los puntos se b\u00fasqueda para realizar los trabajos en campo\u00bb.<\/p>\n\n\n\n<p>Insisti\u00f3 en que el Ej\u00e9rcito Mexicano haga entrega de los 800 folios que tiene en su poder y que es informaci\u00f3n sobre la presunta participaci\u00f3n de elementos de esa corporaci\u00f3n en la desaparici\u00f3n de los estudiantes, adem\u00e1s de exigir que sean extraditado Tom\u00e1s Cer\u00f3n de Lucio y Ulises Bernab\u00e9 Garc\u00eda.<\/p>\n\n\n\n<p>Al t\u00e9rmino de la marcha y mitin se desarroll\u00f3 un programa cultural por parte de estudiantes normalistas rurales.<\/p>\n\n\n\n<p>Despu\u00e9s de realizar la marcha que partido de la estatua de Nicolas Bravo al norte de la capital hasta llegar al z\u00f3calo capitalino donde realizaron un mitin pol\u00edtico y posteriormente un evento cultural, donde participaron los normalistas.<\/p>\n\n\n\n<figure class=\"wp-block-gallery has-nested-images columns-default is-cropped wp-block-gallery-1 is-layout-flex wp-block-gallery-is-layout-flex\">\n<figure class=\"wp-block-image size-large\"><img decoding=\"async\" src=\"data:image\/gif;base64,R0lGODlhAQABAIAAAAAAAP\/\/\/ywAAAAAAQABAAACAUwAOw==\" fifu-lazy=\"1\" fifu-data-sizes=\"auto\" fifu-data-srcset=\"https:\/\/i3.wp.com\/www.interaccionnoticias.com.mx\/wp-content\/uploads\/2025\/09\/250921-familia-de-los-43-1-copia.jpg?ssl=1&w=75&resize=75&ssl=1 75w, https:\/\/i3.wp.com\/www.interaccionnoticias.com.mx\/wp-content\/uploads\/2025\/09\/250921-familia-de-los-43-1-copia.jpg?ssl=1&w=100&resize=100&ssl=1 100w, https:\/\/i3.wp.com\/www.interaccionnoticias.com.mx\/wp-content\/uploads\/2025\/09\/250921-familia-de-los-43-1-copia.jpg?ssl=1&w=150&resize=150&ssl=1 150w, https:\/\/i3.wp.com\/www.interaccionnoticias.com.mx\/wp-content\/uploads\/2025\/09\/250921-familia-de-los-43-1-copia.jpg?ssl=1&w=240&resize=240&ssl=1 240w, https:\/\/i3.wp.com\/www.interaccionnoticias.com.mx\/wp-content\/uploads\/2025\/09\/250921-familia-de-los-43-1-copia.jpg?ssl=1&w=320&resize=320&ssl=1 320w, https:\/\/i3.wp.com\/www.interaccionnoticias.com.mx\/wp-content\/uploads\/2025\/09\/250921-familia-de-los-43-1-copia.jpg?ssl=1&w=500&resize=500&ssl=1 500w, https:\/\/i3.wp.com\/www.interaccionnoticias.com.mx\/wp-content\/uploads\/2025\/09\/250921-familia-de-los-43-1-copia.jpg?ssl=1&w=640&resize=640&ssl=1 640w, https:\/\/i3.wp.com\/www.interaccionnoticias.com.mx\/wp-content\/uploads\/2025\/09\/250921-familia-de-los-43-1-copia.jpg?ssl=1&w=800&resize=800&ssl=1 800w, https:\/\/i3.wp.com\/www.interaccionnoticias.com.mx\/wp-content\/uploads\/2025\/09\/250921-familia-de-los-43-1-copia.jpg?ssl=1&w=1024&resize=1024&ssl=1 1024w, https:\/\/i3.wp.com\/www.interaccionnoticias.com.mx\/wp-content\/uploads\/2025\/09\/250921-familia-de-los-43-1-copia.jpg?ssl=1&w=1280&resize=1280&ssl=1 1280w, https:\/\/i3.wp.com\/www.interaccionnoticias.com.mx\/wp-content\/uploads\/2025\/09\/250921-familia-de-los-43-1-copia.jpg?ssl=1&w=1600&resize=1600&ssl=1 1600w\" data-id=\"95511\" fifu-data-src=\"https:\/\/i3.wp.com\/www.interaccionnoticias.com.mx\/wp-content\/uploads\/2025\/09\/250921-familia-de-los-43-1-copia.jpg?ssl=1\" alt=\"\" class=\"wp-image-95511\"\/><\/figure>\n\n\n\n<figure class=\"wp-block-image size-large\"><img decoding=\"async\" src=\"data:image\/gif;base64,R0lGODlhAQABAIAAAAAAAP\/\/\/ywAAAAAAQABAAACAUwAOw==\" fifu-lazy=\"1\" fifu-data-sizes=\"auto\" fifu-data-srcset=\"https:\/\/i2.wp.com\/www.interaccionnoticias.com.mx\/wp-content\/uploads\/2025\/09\/250921-familia-de-los-43-2-copia.jpg?ssl=1&w=75&resize=75&ssl=1 75w, https:\/\/i2.wp.com\/www.interaccionnoticias.com.mx\/wp-content\/uploads\/2025\/09\/250921-familia-de-los-43-2-copia.jpg?ssl=1&w=100&resize=100&ssl=1 100w, https:\/\/i2.wp.com\/www.interaccionnoticias.com.mx\/wp-content\/uploads\/2025\/09\/250921-familia-de-los-43-2-copia.jpg?ssl=1&w=150&resize=150&ssl=1 150w, https:\/\/i2.wp.com\/www.interaccionnoticias.com.mx\/wp-content\/uploads\/2025\/09\/250921-familia-de-los-43-2-copia.jpg?ssl=1&w=240&resize=240&ssl=1 240w, https:\/\/i2.wp.com\/www.interaccionnoticias.com.mx\/wp-content\/uploads\/2025\/09\/250921-familia-de-los-43-2-copia.jpg?ssl=1&w=320&resize=320&ssl=1 320w, https:\/\/i2.wp.com\/www.interaccionnoticias.com.mx\/wp-content\/uploads\/2025\/09\/250921-familia-de-los-43-2-copia.jpg?ssl=1&w=500&resize=500&ssl=1 500w, https:\/\/i2.wp.com\/www.interaccionnoticias.com.mx\/wp-content\/uploads\/2025\/09\/250921-familia-de-los-43-2-copia.jpg?ssl=1&w=640&resize=640&ssl=1 640w, https:\/\/i2.wp.com\/www.interaccionnoticias.com.mx\/wp-content\/uploads\/2025\/09\/250921-familia-de-los-43-2-copia.jpg?ssl=1&w=800&resize=800&ssl=1 800w, https:\/\/i2.wp.com\/www.interaccionnoticias.com.mx\/wp-content\/uploads\/2025\/09\/250921-familia-de-los-43-2-copia.jpg?ssl=1&w=1024&resize=1024&ssl=1 1024w, https:\/\/i2.wp.com\/www.interaccionnoticias.com.mx\/wp-content\/uploads\/2025\/09\/250921-familia-de-los-43-2-copia.jpg?ssl=1&w=1280&resize=1280&ssl=1 1280w, https:\/\/i2.wp.com\/www.interaccionnoticias.com.mx\/wp-content\/uploads\/2025\/09\/250921-familia-de-los-43-2-copia.jpg?ssl=1&w=1600&resize=1600&ssl=1 1600w\" data-id=\"95512\" fifu-data-src=\"https:\/\/i2.wp.com\/www.interaccionnoticias.com.mx\/wp-content\/uploads\/2025\/09\/250921-familia-de-los-43-2-copia.jpg?ssl=1\" alt=\"\" class=\"wp-image-95512\"\/><\/figure>\n<\/figure>\n","protected":false},"excerpt":{"rendered":"<p>&#8212; Han pasado casi 11 a\u00f1os de los hechos violentos&#8212; Los padres conf\u00edan en que se llegue a la verdad Rosario Garc\u00eda Orozco A casi 11 a\u00f1os de la desaparici\u00f3n&hellip; <\/p>\n","protected":false},"author":14,"featured_media":95514,"comment_status":"open","ping_status":"open","sticky":false,"template":"","format":"standard","meta":{"fifu_image_url":"https:\/\/www.interaccionnoticias.com.mx\/wp-content\/uploads\/2025\/09\/250921-familia-de-los-43-2-copia.jpg","fifu_image_alt":"","footnotes":""},"categories":[15],"tags":[],"class_list":["post-95510","post","type-post","status-publish","format-standard","has-post-thumbnail","hentry","category-movimientos-sociales"],"_links":{"self":[{"href":"https:\/\/www.interaccionnoticias.com.mx\/index.php?rest_route=\/wp\/v2\/posts\/95510","targetHints":{"allow":["GET"]}}],"collection":[{"href":"https:\/\/www.interaccionnoticias.com.mx\/index.php?rest_route=\/wp\/v2\/posts"}],"about":[{"href":"https:\/\/www.interaccionnoticias.com.mx\/index.php?rest_route=\/wp\/v2\/types\/post"}],"author":[{"embeddable":true,"href":"https:\/\/www.interaccionnoticias.com.mx\/index.php?rest_route=\/wp\/v2\/users\/14"}],"replies":[{"embeddable":true,"href":"https:\/\/www.interaccionnoticias.com.mx\/index.php?rest_route=%2Fwp%2Fv2%2Fcomments&post=95510"}],"version-history":[{"count":1,"href":"https:\/\/www.interaccionnoticias.com.mx\/index.php?rest_route=\/wp\/v2\/posts\/95510\/revisions"}],"predecessor-version":[{"id":95513,"href":"https:\/\/www.interaccionnoticias.com.mx\/index.php?rest_route=\/wp\/v2\/posts\/95510\/revisions\/95513"}],"wp:featuredmedia":[{"embeddable":true,"href":"https:\/\/www.interaccionnoticias.com.mx\/index.php?rest_route=\/wp\/v2\/media\/95514"}],"wp:attachment":[{"href":"https:\/\/www.interaccionnoticias.com.mx\/index.php?rest_route=%2Fwp%2Fv2%2Fmedia&parent=95510"}],"wp:term":[{"taxonomy":"category","embeddable":true,"href":"https:\/\/www.interaccionnoticias.com.mx\/index.php?rest_route=%2Fwp%2Fv2%2Fcategories&post=95510"},{"taxonomy":"post_tag","embeddable":true,"href":"https:\/\/www.interaccionnoticias.com.mx\/index.php?rest_route=%2Fwp%2Fv2%2Ftags&post=95510"}],"curies":[{"name":"wp","href":"https:\/\/api.w.org\/{rel}","templated":true}]}}