{"id":95496,"date":"2025-09-21T15:15:00","date_gmt":"2025-09-21T21:15:00","guid":{"rendered":"https:\/\/www.interaccionnoticias.com.mx\/?p=95496"},"modified":"2025-09-21T19:55:55","modified_gmt":"2025-09-22T01:55:55","slug":"campesinos-confian-en-que-tendran-buena-produccion-de-maiz","status":"publish","type":"post","link":"https:\/\/www.interaccionnoticias.com.mx\/?p=95496","title":{"rendered":"Campesinos conf\u00edan en que tendr\u00e1n buena producci\u00f3n de ma\u00edz"},"content":{"rendered":"\n<p><em><strong>&#8212; La temporada de lluvias ha sido buena, aseguran<\/strong><\/em><\/p>\n\n\n\n<p><strong>Rosario Garc\u00eda Orozco<\/strong><\/p>\n\n\n\n<p>\u00abHa habido excelente temporada de lluvias este a\u00f1o\u00bb, sobre todo en las zonas Norte y Tierra Caliente, por lo que podr\u00eda haber la mejor producci\u00f3n de ma\u00edz, de los \u00faltimos 10 a\u00f1os, con m\u00e1s de un mill\u00f3n 600 mil toneladas, confi\u00f3 el dirigente de la Central Independiente de Obreros Agr\u00edcolas y Campesinos (CIOAC-Roja), Gerardo Le\u00f3n Hurtado.<\/p>\n\n\n\n<p>Insisti\u00f3 en que ser\u00e1 \u00abexcelente\u00bb la producci\u00f3n de ma\u00edz este a\u00f1o, principalmente en las regiones Norte y Tierra Caliente, producto de la \u00abextraordinaria\u00bb temporada de lluvias que se registra este a\u00f1o y del esfuerzo propio de los productores.<\/p>\n\n\n\n<p>Lament\u00f3 que los campesinos no han recibido apoyo del gobierno estatal, \u00aben la Secretar\u00eda de Agricultura, Ganader\u00eda, Desarrollo Rural y Pesca (Sagadegro) no desquitan ni el salario que les pagamos los guerrerenses. Vas a Sagadegro y encuentras que est\u00e1 lleno de gente que no da un rendimiento real, s\u00f3lo hay puro bur\u00f3crata que no sirve para nada\u201d.<\/p>\n\n\n\n<p>Le\u00f3n Hurtado enfatiz\u00f3 que con la producci\u00f3n aproximada de un mill\u00f3n 600 mil toneladas de ma\u00edz s\u00f3lo en las regiones Norte y Tierra Caliente, ser\u00eda el mejor rendimiento productivo de los \u00faltimos 10 a\u00f1os.<\/p>\n\n\n\n<p>Agreg\u00f3 que en las regiones de Costa Chica, Costa Grande, zona Centro, Monta\u00f1a y Acapulco se espera una producci\u00f3n de tiras 250 mil toneladas.<\/p>\n\n\n\n<p>En este sentido, apunt\u00f3 que en la regi\u00f3n de la Costa Chica, por ejemplo, a pesar de que tiene unas tierras \u201cenvidiables\u201d, Cuajinicuilapa no produce ma\u00edz ni para autoconsumo, en tanto que los municipios de San Marcos, Juan R. Escuedero y Ayutla \u201cson los que m\u00e1s o menos producen, pero fuera de ah\u00ed los otros municipios no cosechan ma\u00edz ni para autoconsumo\u201d.<\/p>\n\n\n\n<p>Se quej\u00f3 porque gran parte de la producci\u00f3n de ma\u00edz que se genera en Tierra Caliente y zona Norte es adquirido por grandes comercializadoras de otros estados del pa\u00eds \u201cy despu\u00e9s regresa pero ya con le etiqueta de Michoac\u00e1n, Jalisco, Sinaloa y Estado de M\u00e9xico\u201d, y naturalmente m\u00e1s caro.<\/p>\n\n\n\n<p>\u00abSe lo llevan por mayoreo y ya regresa con costal y etiqueta de otros estados, pero realmente es el ma\u00edz de Tierra Caliente y zona Norte. Son los grandes acopios que existen en el estado, y afectan a los guerrerenses\u00bb, explic\u00f3 el l\u00edder campesino.<\/p>\n\n\n\n<p>El dirigente de la CIOAC Roja acus\u00f3 que incluso de esta problem\u00e1tica de la \u201cfuga de ma\u00edz guerrerense\u201d ni siquiera la Sagadegro ni la Secretar\u00eda de Agricultura y Desarrollo Rural federal tienen la m\u00ednima idea de la afectaci\u00f3n que se genera: \u201cde esto el gobierno ni siquiera tiene los n\u00fameros\u201d.<\/p>\n\n\n\n<p>Le\u00f3n Hurtado record\u00f3 que el a\u00f1o pasado la cosecha de ma\u00edz en estas dos regiones de Tierra Caliente y zona Norte fue de 850 mil toneladas, y hoy \u201cse dispara pr\u00e1cticamente al doble\u00bb, se congratul\u00f3.<\/p>\n","protected":false},"excerpt":{"rendered":"<p>&#8212; La temporada de lluvias ha sido buena, aseguran Rosario Garc\u00eda Orozco \u00abHa habido excelente temporada de lluvias este a\u00f1o\u00bb, sobre todo en las zonas Norte y Tierra Caliente, por&hellip; <\/p>\n","protected":false},"author":14,"featured_media":95499,"comment_status":"open","ping_status":"open","sticky":false,"template":"","format":"standard","meta":{"fifu_image_url":"https:\/\/www.interaccionnoticias.com.mx\/wp-content\/uploads\/2025\/09\/250921-Gerardo-Leon-Hurtado.jpg","fifu_image_alt":"","footnotes":""},"categories":[11],"tags":[],"class_list":["post-95496","post","type-post","status-publish","format-standard","has-post-thumbnail","hentry","category-guerrero"],"_links":{"self":[{"href":"https:\/\/www.interaccionnoticias.com.mx\/index.php?rest_route=\/wp\/v2\/posts\/95496","targetHints":{"allow":["GET"]}}],"collection":[{"href":"https:\/\/www.interaccionnoticias.com.mx\/index.php?rest_route=\/wp\/v2\/posts"}],"about":[{"href":"https:\/\/www.interaccionnoticias.com.mx\/index.php?rest_route=\/wp\/v2\/types\/post"}],"author":[{"embeddable":true,"href":"https:\/\/www.interaccionnoticias.com.mx\/index.php?rest_route=\/wp\/v2\/users\/14"}],"replies":[{"embeddable":true,"href":"https:\/\/www.interaccionnoticias.com.mx\/index.php?rest_route=%2Fwp%2Fv2%2Fcomments&post=95496"}],"version-history":[{"count":1,"href":"https:\/\/www.interaccionnoticias.com.mx\/index.php?rest_route=\/wp\/v2\/posts\/95496\/revisions"}],"predecessor-version":[{"id":95498,"href":"https:\/\/www.interaccionnoticias.com.mx\/index.php?rest_route=\/wp\/v2\/posts\/95496\/revisions\/95498"}],"wp:featuredmedia":[{"embeddable":true,"href":"https:\/\/www.interaccionnoticias.com.mx\/index.php?rest_route=\/wp\/v2\/media\/95499"}],"wp:attachment":[{"href":"https:\/\/www.interaccionnoticias.com.mx\/index.php?rest_route=%2Fwp%2Fv2%2Fmedia&parent=95496"}],"wp:term":[{"taxonomy":"category","embeddable":true,"href":"https:\/\/www.interaccionnoticias.com.mx\/index.php?rest_route=%2Fwp%2Fv2%2Fcategories&post=95496"},{"taxonomy":"post_tag","embeddable":true,"href":"https:\/\/www.interaccionnoticias.com.mx\/index.php?rest_route=%2Fwp%2Fv2%2Ftags&post=95496"}],"curies":[{"name":"wp","href":"https:\/\/api.w.org\/{rel}","templated":true}]}}