{"id":95481,"date":"2025-09-21T18:25:58","date_gmt":"2025-09-22T00:25:58","guid":{"rendered":"https:\/\/www.interaccionnoticias.com.mx\/?p=95481"},"modified":"2025-09-21T20:15:57","modified_gmt":"2025-09-22T02:15:57","slug":"sin-riesgos-para-guerrero-la-formacion-de-la-tormenta-tropical-narda","status":"publish","type":"post","link":"https:\/\/www.interaccionnoticias.com.mx\/?p=95481","title":{"rendered":"Sin riesgos para Guerrero la formaci\u00f3n de la Tormenta Tropical \u201cNarda\u201d"},"content":{"rendered":"\n<p><strong><em>&#8212; Este sistema se aleja de las costas guerrerenses y mantiene su vigilancia<br>&#8212; Actividades escolares se desarrollar\u00e1n de manera normal<\/em><\/strong><\/p>\n\n\n\n<p><strong>Javier Trujillo<\/strong><\/p>\n\n\n\n<p><strong>Acapulco, Gro.- <\/strong>Se form\u00f3 la Tormenta Tropical \u201cNarda\u201d, frente a las costas de Guerrero, sin que represente un riesgo para el estado, ya que se ubica a 390 kil\u00f3metros al sur-sureste del puerto de Zihuatanejo, Guerrero.<\/p>\n\n\n\n<p>Adem\u00e1s, se encuentra ubicada a 440 kil\u00f3metros al sureste de L\u00e1zaro C\u00e1rdenas, Michoac\u00e1n, inform\u00f3 el gobierno del estado a trav\u00e9s de la Secretar\u00eda de Gesti\u00f3n Integral de Riesgos y Protecci\u00f3n Civil (SGIRyPC).<\/p>\n\n\n\n<p>Se detalla que este sistema meteorol\u00f3gico presenta vientos m\u00e1ximos sostenidos de 65 kil\u00f3metros por hora, rachas de 75 kil\u00f3metros por hora, y se desplaza hacia el noroeste a una velocidad de 17 kil\u00f3metros por hora, por lo que va alej\u00e1ndose de las costas guerrerenses.<\/p>\n\n\n\n<p>Se a\u00f1adi\u00f3 que seg\u00fan la trayectoria \u00abNarda\u00bb no tocar\u00e1 tierra en territorio nacional, sin embargo, estar\u00e1 generando lluvias de variada intensidad, al impulsar aire mar\u00edtimo al interior del estado, por lo que se recomienda tomar las medidas preventivas.<\/p>\n\n\n\n<p>De acuerdo con el pron\u00f3stico, este sistema continuar\u00e1 fortaleci\u00e9ndose en las pr\u00f3ximas 24 horas, incrementando la presencia de vientos y oleaje elevado en las costas de los estados de Michoac\u00e1n, Colima y Jalisco.<\/p>\n\n\n\n<p>Durante las pr\u00f3ximas horas, se prev\u00e9 la ocurrencia de lluvias fuertes con puntuales intensas, alcanzando acumulados de 75 a 150 mil\u00edmetros por metro cuadrado, en algunas zonas de Guerrero y Oaxaca.<\/p>\n\n\n\n<p>Cabe se\u00f1alar que las precipitaciones mencionadas podr\u00edan generar deslaves, incremento en niveles de r\u00edos y arroyos, as\u00ed como desbordamientos e inundaciones en zonas bajas del estado.<\/p>\n\n\n\n<figure class=\"wp-block-gallery has-nested-images columns-default is-cropped wp-block-gallery-1 is-layout-flex wp-block-gallery-is-layout-flex\">\n<figure class=\"wp-block-image size-large\"><img decoding=\"async\" src=\"data:image\/gif;base64,R0lGODlhAQABAIAAAAAAAP\/\/\/ywAAAAAAQABAAACAUwAOw==\" fifu-lazy=\"1\" fifu-data-sizes=\"auto\" fifu-data-srcset=\"https:\/\/i3.wp.com\/www.interaccionnoticias.com.mx\/wp-content\/uploads\/2025\/09\/250921-Tormenta-Tropical-Narda.jpg?ssl=1&w=75&resize=75&ssl=1 75w, https:\/\/i3.wp.com\/www.interaccionnoticias.com.mx\/wp-content\/uploads\/2025\/09\/250921-Tormenta-Tropical-Narda.jpg?ssl=1&w=100&resize=100&ssl=1 100w, https:\/\/i3.wp.com\/www.interaccionnoticias.com.mx\/wp-content\/uploads\/2025\/09\/250921-Tormenta-Tropical-Narda.jpg?ssl=1&w=150&resize=150&ssl=1 150w, https:\/\/i3.wp.com\/www.interaccionnoticias.com.mx\/wp-content\/uploads\/2025\/09\/250921-Tormenta-Tropical-Narda.jpg?ssl=1&w=240&resize=240&ssl=1 240w, https:\/\/i3.wp.com\/www.interaccionnoticias.com.mx\/wp-content\/uploads\/2025\/09\/250921-Tormenta-Tropical-Narda.jpg?ssl=1&w=320&resize=320&ssl=1 320w, https:\/\/i3.wp.com\/www.interaccionnoticias.com.mx\/wp-content\/uploads\/2025\/09\/250921-Tormenta-Tropical-Narda.jpg?ssl=1&w=500&resize=500&ssl=1 500w, https:\/\/i3.wp.com\/www.interaccionnoticias.com.mx\/wp-content\/uploads\/2025\/09\/250921-Tormenta-Tropical-Narda.jpg?ssl=1&w=640&resize=640&ssl=1 640w, https:\/\/i3.wp.com\/www.interaccionnoticias.com.mx\/wp-content\/uploads\/2025\/09\/250921-Tormenta-Tropical-Narda.jpg?ssl=1&w=800&resize=800&ssl=1 800w, https:\/\/i3.wp.com\/www.interaccionnoticias.com.mx\/wp-content\/uploads\/2025\/09\/250921-Tormenta-Tropical-Narda.jpg?ssl=1&w=1024&resize=1024&ssl=1 1024w, https:\/\/i3.wp.com\/www.interaccionnoticias.com.mx\/wp-content\/uploads\/2025\/09\/250921-Tormenta-Tropical-Narda.jpg?ssl=1&w=1280&resize=1280&ssl=1 1280w, https:\/\/i3.wp.com\/www.interaccionnoticias.com.mx\/wp-content\/uploads\/2025\/09\/250921-Tormenta-Tropical-Narda.jpg?ssl=1&w=1600&resize=1600&ssl=1 1600w\" data-id=\"95482\" fifu-data-src=\"https:\/\/i3.wp.com\/www.interaccionnoticias.com.mx\/wp-content\/uploads\/2025\/09\/250921-Tormenta-Tropical-Narda.jpg?ssl=1\" alt=\"\" class=\"wp-image-95482\"\/><\/figure>\n\n\n\n<figure class=\"wp-block-image size-large\"><img decoding=\"async\" src=\"data:image\/gif;base64,R0lGODlhAQABAIAAAAAAAP\/\/\/ywAAAAAAQABAAACAUwAOw==\" fifu-lazy=\"1\" fifu-data-sizes=\"auto\" fifu-data-srcset=\"https:\/\/i3.wp.com\/www.interaccionnoticias.com.mx\/wp-content\/uploads\/2025\/09\/250921-Tormenta-Tropical-Narda-2.jpg?ssl=1&w=75&resize=75&ssl=1 75w, https:\/\/i3.wp.com\/www.interaccionnoticias.com.mx\/wp-content\/uploads\/2025\/09\/250921-Tormenta-Tropical-Narda-2.jpg?ssl=1&w=100&resize=100&ssl=1 100w, https:\/\/i3.wp.com\/www.interaccionnoticias.com.mx\/wp-content\/uploads\/2025\/09\/250921-Tormenta-Tropical-Narda-2.jpg?ssl=1&w=150&resize=150&ssl=1 150w, https:\/\/i3.wp.com\/www.interaccionnoticias.com.mx\/wp-content\/uploads\/2025\/09\/250921-Tormenta-Tropical-Narda-2.jpg?ssl=1&w=240&resize=240&ssl=1 240w, https:\/\/i3.wp.com\/www.interaccionnoticias.com.mx\/wp-content\/uploads\/2025\/09\/250921-Tormenta-Tropical-Narda-2.jpg?ssl=1&w=320&resize=320&ssl=1 320w, https:\/\/i3.wp.com\/www.interaccionnoticias.com.mx\/wp-content\/uploads\/2025\/09\/250921-Tormenta-Tropical-Narda-2.jpg?ssl=1&w=500&resize=500&ssl=1 500w, https:\/\/i3.wp.com\/www.interaccionnoticias.com.mx\/wp-content\/uploads\/2025\/09\/250921-Tormenta-Tropical-Narda-2.jpg?ssl=1&w=640&resize=640&ssl=1 640w, https:\/\/i3.wp.com\/www.interaccionnoticias.com.mx\/wp-content\/uploads\/2025\/09\/250921-Tormenta-Tropical-Narda-2.jpg?ssl=1&w=800&resize=800&ssl=1 800w, https:\/\/i3.wp.com\/www.interaccionnoticias.com.mx\/wp-content\/uploads\/2025\/09\/250921-Tormenta-Tropical-Narda-2.jpg?ssl=1&w=1024&resize=1024&ssl=1 1024w, https:\/\/i3.wp.com\/www.interaccionnoticias.com.mx\/wp-content\/uploads\/2025\/09\/250921-Tormenta-Tropical-Narda-2.jpg?ssl=1&w=1280&resize=1280&ssl=1 1280w, https:\/\/i3.wp.com\/www.interaccionnoticias.com.mx\/wp-content\/uploads\/2025\/09\/250921-Tormenta-Tropical-Narda-2.jpg?ssl=1&w=1600&resize=1600&ssl=1 1600w\" data-id=\"95517\" fifu-data-src=\"https:\/\/i3.wp.com\/www.interaccionnoticias.com.mx\/wp-content\/uploads\/2025\/09\/250921-Tormenta-Tropical-Narda-2.jpg?ssl=1\" alt=\"\" class=\"wp-image-95517\"\/><\/figure>\n<\/figure>\n","protected":false},"excerpt":{"rendered":"<p>&#8212; Este sistema se aleja de las costas guerrerenses y mantiene su vigilancia&#8212; Actividades escolares se desarrollar\u00e1n de manera normal Javier Trujillo Acapulco, Gro.- Se form\u00f3 la Tormenta Tropical \u201cNarda\u201d,&hellip; <\/p>\n","protected":false},"author":3,"featured_media":95521,"comment_status":"open","ping_status":"open","sticky":false,"template":"","format":"standard","meta":{"fifu_image_url":"https:\/\/www.interaccionnoticias.com.mx\/wp-content\/uploads\/2025\/09\/250921-Tormenta-Tropical-Narda-2.jpg","fifu_image_alt":"","footnotes":""},"categories":[9],"tags":[],"class_list":["post-95481","post","type-post","status-publish","format-standard","has-post-thumbnail","hentry","category-fenomenos-naturales"],"_links":{"self":[{"href":"https:\/\/www.interaccionnoticias.com.mx\/index.php?rest_route=\/wp\/v2\/posts\/95481","targetHints":{"allow":["GET"]}}],"collection":[{"href":"https:\/\/www.interaccionnoticias.com.mx\/index.php?rest_route=\/wp\/v2\/posts"}],"about":[{"href":"https:\/\/www.interaccionnoticias.com.mx\/index.php?rest_route=\/wp\/v2\/types\/post"}],"author":[{"embeddable":true,"href":"https:\/\/www.interaccionnoticias.com.mx\/index.php?rest_route=\/wp\/v2\/users\/3"}],"replies":[{"embeddable":true,"href":"https:\/\/www.interaccionnoticias.com.mx\/index.php?rest_route=%2Fwp%2Fv2%2Fcomments&post=95481"}],"version-history":[{"count":2,"href":"https:\/\/www.interaccionnoticias.com.mx\/index.php?rest_route=\/wp\/v2\/posts\/95481\/revisions"}],"predecessor-version":[{"id":95520,"href":"https:\/\/www.interaccionnoticias.com.mx\/index.php?rest_route=\/wp\/v2\/posts\/95481\/revisions\/95520"}],"wp:featuredmedia":[{"embeddable":true,"href":"https:\/\/www.interaccionnoticias.com.mx\/index.php?rest_route=\/wp\/v2\/media\/95521"}],"wp:attachment":[{"href":"https:\/\/www.interaccionnoticias.com.mx\/index.php?rest_route=%2Fwp%2Fv2%2Fmedia&parent=95481"}],"wp:term":[{"taxonomy":"category","embeddable":true,"href":"https:\/\/www.interaccionnoticias.com.mx\/index.php?rest_route=%2Fwp%2Fv2%2Fcategories&post=95481"},{"taxonomy":"post_tag","embeddable":true,"href":"https:\/\/www.interaccionnoticias.com.mx\/index.php?rest_route=%2Fwp%2Fv2%2Ftags&post=95481"}],"curies":[{"name":"wp","href":"https:\/\/api.w.org\/{rel}","templated":true}]}}