{"id":95441,"date":"2025-09-19T21:20:00","date_gmt":"2025-09-20T03:20:00","guid":{"rendered":"https:\/\/www.interaccionnoticias.com.mx\/?p=95441"},"modified":"2025-09-19T22:39:38","modified_gmt":"2025-09-20T04:39:38","slug":"suspenden-al-funcionario-federal-que-agredio-al-periodista-sergio-ocampo-arista","status":"publish","type":"post","link":"https:\/\/www.interaccionnoticias.com.mx\/?p=95441","title":{"rendered":"Suspenden al funcionario federal que agredi\u00f3 al periodista Sergio Ocampo Arista"},"content":{"rendered":"\n<p><em><strong>&#8212; La Coordinaci\u00f3n de Comunicaci\u00f3n Social de Presidencia de la Rep\u00fablica ofreci\u00f3 una disculpa al comunicador<br>&#8212; Se investigar\u00e1n los hechos y habr\u00e1 consecuencias, anticipa<br>&#8212; El Gobierno de Guerrero ratifica su respeto al trabajo de los medios de comunicaci\u00f3n<\/strong><\/em><\/p>\n\n\n\n<p><strong>Rogelio Agust\u00edn Esteban<\/strong><\/p>\n\n\n\n<p>El gobierno de la Rep\u00fablica confirm\u00f3 la suspensi\u00f3n de Rusl\u00e1n Aranda Hern\u00e1ndez, el responsable de atender a la prensa en el evento de este viernes en Chilpancingo, quien agredi\u00f3 al corresponsal de La Jornada Sergio Ocampo Arista.<\/p>\n\n\n\n<p>Tras los hechos registrados la tarde del viernes en las instalaciones del Polideportivo de Chilpancingo, la Coordinaci\u00f3n General de Comunicaci\u00f3n Social de la presidencia de la Rep\u00fablica busc\u00f3 al periodista agraviado y le ofreci\u00f3 una disculpa.<\/p>\n\n\n\n<p>Despu\u00e9s, inform\u00f3 que \u00abla perdona involucrada\u00bb con la agresi\u00f3n al comunicador fue suspendida de sus funciones, en tanto se cumplimenta la investigaci\u00f3n sobre lo sucedido, con la advertencia de que habr\u00e1 consecuencias.<\/p>\n\n\n\n<p>En el escueto comunicado que curcul\u00f3 la noche del mismo viernes, la vocer\u00eda de la Presidencia de la Rep\u00fablica manifest\u00f3 su respeto al trabajo que realizan los medios de comunicaci\u00f3n en el pa\u00eds.<\/p>\n\n\n\n<p><strong>Gobierno de Guerrero ratifica su respeto al trabajo period\u00edstico<\/strong><\/p>\n\n\n\n<p>La misma noche del viernes, el Gobierno de Guerrero emiti\u00f3 un comunicado en el que reiter\u00f3 su respeto absoluto a la labor period\u00edstica \u00aby lamenta los hechos ocurridos esta tarde en Chilpancingo, entre un colaborador del Gobierno Federal y el periodista Sergio Ocampo Arista\u00bb.<\/p>\n\n\n\n<p>El texto emitido por la Direcci\u00f3n General de Comunicaci\u00f3n Social (DGCS) a cargo de Ren\u00e9 Posselt Aguirre plantea: \u00abExpresamos nuestra solidaridad con el periodista Sergio Ocampo Arista y nuestro categ\u00f3rico rechazo a cualquier acto de agresi\u00f3n en contra de la prensa\u00bb.<\/p>\n\n\n\n<p>Al mismo tiempo, se expresa un reconocimiento a la decisi\u00f3n asumida en el Gobierno Federal, en el sentido de separar de sus funciones al colaborador involucrado.<\/p>\n\n\n\n<p>Cierra: \u00abRefrendamos nuestro compromiso de garantizar siempre un ambiente de respeto y seguridad para el ejercicio period\u00edstico y la libertad de expresi\u00f3n en Guerrero\u00bb.<\/p>\n\n\n\n<p>Rusl\u00e1n Aranda fue el encargado de acreditar a los reporteros que cubrieron el evento encabezado este viernes por la presidenta Claudia Sheinbaum Pardo.<\/p>\n\n\n\n<p>El mismo funcionario fue quien coloc\u00f3 un \u00abtap\u00f3n\u00bb humano para evitar que los reporteros salieran del evento, con la intenci\u00f3n de evitar que abordaran a la jefa del Ejecutivo Federal con la intenci\u00f3n de entrevistarla.<\/p>\n\n\n\n<figure class=\"wp-block-image size-large\"><img decoding=\"async\" src=\"data:image\/gif;base64,R0lGODlhAQABAIAAAAAAAP\/\/\/ywAAAAAAQABAAACAUwAOw==\" fifu-lazy=\"1\" fifu-data-sizes=\"auto\" fifu-data-srcset=\"https:\/\/i3.wp.com\/www.interaccionnoticias.com.mx\/wp-content\/uploads\/2025\/09\/250919-Suspenden-al-funcionario-1024x683.jpg?ssl=1&w=75&resize=75&ssl=1 75w, https:\/\/i3.wp.com\/www.interaccionnoticias.com.mx\/wp-content\/uploads\/2025\/09\/250919-Suspenden-al-funcionario-1024x683.jpg?ssl=1&w=100&resize=100&ssl=1 100w, https:\/\/i3.wp.com\/www.interaccionnoticias.com.mx\/wp-content\/uploads\/2025\/09\/250919-Suspenden-al-funcionario-1024x683.jpg?ssl=1&w=150&resize=150&ssl=1 150w, https:\/\/i3.wp.com\/www.interaccionnoticias.com.mx\/wp-content\/uploads\/2025\/09\/250919-Suspenden-al-funcionario-1024x683.jpg?ssl=1&w=240&resize=240&ssl=1 240w, https:\/\/i3.wp.com\/www.interaccionnoticias.com.mx\/wp-content\/uploads\/2025\/09\/250919-Suspenden-al-funcionario-1024x683.jpg?ssl=1&w=320&resize=320&ssl=1 320w, https:\/\/i3.wp.com\/www.interaccionnoticias.com.mx\/wp-content\/uploads\/2025\/09\/250919-Suspenden-al-funcionario-1024x683.jpg?ssl=1&w=500&resize=500&ssl=1 500w, https:\/\/i3.wp.com\/www.interaccionnoticias.com.mx\/wp-content\/uploads\/2025\/09\/250919-Suspenden-al-funcionario-1024x683.jpg?ssl=1&w=640&resize=640&ssl=1 640w, https:\/\/i3.wp.com\/www.interaccionnoticias.com.mx\/wp-content\/uploads\/2025\/09\/250919-Suspenden-al-funcionario-1024x683.jpg?ssl=1&w=800&resize=800&ssl=1 800w, https:\/\/i3.wp.com\/www.interaccionnoticias.com.mx\/wp-content\/uploads\/2025\/09\/250919-Suspenden-al-funcionario-1024x683.jpg?ssl=1&w=1024&resize=1024&ssl=1 1024w, https:\/\/i3.wp.com\/www.interaccionnoticias.com.mx\/wp-content\/uploads\/2025\/09\/250919-Suspenden-al-funcionario-1024x683.jpg?ssl=1&w=1280&resize=1280&ssl=1 1280w, https:\/\/i3.wp.com\/www.interaccionnoticias.com.mx\/wp-content\/uploads\/2025\/09\/250919-Suspenden-al-funcionario-1024x683.jpg?ssl=1&w=1600&resize=1600&ssl=1 1600w\" fifu-data-src=\"https:\/\/i3.wp.com\/www.interaccionnoticias.com.mx\/wp-content\/uploads\/2025\/09\/250919-Suspenden-al-funcionario-1024x683.jpg?ssl=1\" alt=\"\" class=\"wp-image-95442\"\/><\/figure>\n","protected":false},"excerpt":{"rendered":"<p>&#8212; La Coordinaci\u00f3n de Comunicaci\u00f3n Social de Presidencia de la Rep\u00fablica ofreci\u00f3 una disculpa al comunicador&#8212; Se investigar\u00e1n los hechos y habr\u00e1 consecuencias, anticipa&#8212; El Gobierno de Guerrero ratifica su&hellip; <\/p>\n","protected":false},"author":21,"featured_media":95445,"comment_status":"open","ping_status":"open","sticky":false,"template":"","format":"standard","meta":{"fifu_image_url":"https:\/\/www.interaccionnoticias.com.mx\/wp-content\/uploads\/2025\/09\/250919-Suspenden-al-funcionario-3-copia.jpg","fifu_image_alt":"","footnotes":""},"categories":[11],"tags":[],"class_list":["post-95441","post","type-post","status-publish","format-standard","has-post-thumbnail","hentry","category-guerrero"],"_links":{"self":[{"href":"https:\/\/www.interaccionnoticias.com.mx\/index.php?rest_route=\/wp\/v2\/posts\/95441","targetHints":{"allow":["GET"]}}],"collection":[{"href":"https:\/\/www.interaccionnoticias.com.mx\/index.php?rest_route=\/wp\/v2\/posts"}],"about":[{"href":"https:\/\/www.interaccionnoticias.com.mx\/index.php?rest_route=\/wp\/v2\/types\/post"}],"author":[{"embeddable":true,"href":"https:\/\/www.interaccionnoticias.com.mx\/index.php?rest_route=\/wp\/v2\/users\/21"}],"replies":[{"embeddable":true,"href":"https:\/\/www.interaccionnoticias.com.mx\/index.php?rest_route=%2Fwp%2Fv2%2Fcomments&post=95441"}],"version-history":[{"count":1,"href":"https:\/\/www.interaccionnoticias.com.mx\/index.php?rest_route=\/wp\/v2\/posts\/95441\/revisions"}],"predecessor-version":[{"id":95444,"href":"https:\/\/www.interaccionnoticias.com.mx\/index.php?rest_route=\/wp\/v2\/posts\/95441\/revisions\/95444"}],"wp:featuredmedia":[{"embeddable":true,"href":"https:\/\/www.interaccionnoticias.com.mx\/index.php?rest_route=\/wp\/v2\/media\/95445"}],"wp:attachment":[{"href":"https:\/\/www.interaccionnoticias.com.mx\/index.php?rest_route=%2Fwp%2Fv2%2Fmedia&parent=95441"}],"wp:term":[{"taxonomy":"category","embeddable":true,"href":"https:\/\/www.interaccionnoticias.com.mx\/index.php?rest_route=%2Fwp%2Fv2%2Fcategories&post=95441"},{"taxonomy":"post_tag","embeddable":true,"href":"https:\/\/www.interaccionnoticias.com.mx\/index.php?rest_route=%2Fwp%2Fv2%2Ftags&post=95441"}],"curies":[{"name":"wp","href":"https:\/\/api.w.org\/{rel}","templated":true}]}}