{"id":95423,"date":"2025-09-19T15:21:00","date_gmt":"2025-09-19T21:21:00","guid":{"rendered":"https:\/\/www.interaccionnoticias.com.mx\/?p=95423"},"modified":"2025-09-19T22:25:56","modified_gmt":"2025-09-20T04:25:56","slug":"uagro-movilizo-a-mas-de-7-mil-estudiantes-y-trabajadores-al-informe-de-la-presidenta-claudia-sheinbaum-pardo-en-chilpancingo","status":"publish","type":"post","link":"https:\/\/www.interaccionnoticias.com.mx\/?p=95423","title":{"rendered":"UAGro moviliz\u00f3 a m\u00e1s de 7 mil estudiantes y trabajadores al informe de la presidenta Claudia Sheinbaum Pardo, en Chilpancingo"},"content":{"rendered":"\n<p><em><strong>&#8212; El rector Javier Salda\u00f1a Almaz\u00e1n aclara que todos llegaron por su voluntad, libres de presi\u00f3n y neg\u00f3 qye se vulnere la autonom\u00eda<br>&#8212; A pregunta de los reporteros, se asume como \u201cclaudista\u201d<\/strong><\/em><\/p>\n\n\n\n<p><strong>Rogelio Agust\u00edn<\/strong><\/p>\n\n\n\n<p>El rector de la Universidad Aut\u00f3noma de Guerrero (UAGro), Javier Salda\u00f1a Almaz\u00e1n confirm\u00f3 que hubo por lo menos 7 mil estudiantes y trabajadores de dicha instituci\u00f3n en el evento que este viernes encabez\u00f3 la presidenta de la Rep\u00fablica, Claudia Sheinbaum Pardo en el polideportivo de Chilpancingo.<\/p>\n\n\n\n<p>Salda\u00f1a Almaz\u00e1n aclar\u00f3 que estudiantes y trabajadores de la m\u00e1xima casa de estudios guerrerense llegaron por su cuenta y sin ning\u00fan tipo de presi\u00f3n, luego se asumi\u00f3 abiertamente como \u201cclaudista\u201d.<\/p>\n\n\n\n<p>El jefe de la administraci\u00f3n central universitaria precis\u00f3 que para acudir al evento no hubo ninguna \u201cindicaci\u00f3n\u201d, pues m\u00e1s bien delo que se trata, es que hay \u201cconvicci\u00f3n\u201d.<\/p>\n\n\n\n<p>\u201cLa nuestra fue la primera instituci\u00f3n que organiz\u00f3 un evento con m\u00e1s de 500 mujeres en Acapulco, antes de que ella fuera candidata\u201d, anot\u00f3.<\/p>\n\n\n\n<p>El rector lleg\u00f3 al frente de un contingente integrado mayoritariamente por estudiantes, cuando se le pregunt\u00f3 la cantidad de personas que formaban parte del contingente anot\u00f3: \u201cestimamos que llegamos entre 7 u 8 mil universitarios, cada quien se movi\u00f3 por sus propios medios\u201d.<\/p>\n\n\n\n<p>Declin\u00f3 responder quien coste\u00f3 la renta de autobuses, pero insisti\u00f3 en que \u201ccada director lleg\u00f3 por su gusto\u201d, luego estableci\u00f3 que de ninguna manera se vulnera la autonom\u00eda de la instituci\u00f3n.<\/p>\n\n\n\n<p>Explic\u00f3: \u201cAutonom\u00eda es autogobierno, pero eso no quita, al contrario, fortalece los lazos porque tambi\u00e9n ella es universitaria\u201d.<\/p>\n\n\n\n<p>Neg\u00f3 que al acudir con un contingente tan grande al evento est\u00e9 promoviendo su imagen de manera personal, por lo que enfatiz\u00f3 que de lo que se trata, es de fortalecer a la UAGro como instituci\u00f3n de nivel superior.<\/p>\n\n\n\n<p>\u201cNosotros no estamos proyectando la imagen de nada, este no es un evento para fortalecerla imagen de nadie, nosotros somos respetuosos, somos equipo, hacemos equipo con la gobernadora\u201d, enfatiz\u00f3.<\/p>\n\n\n\n<p>\u00bfEs claudista el rector de la UAGro), se pregunt\u00f3 a Salda\u00f1a Almaz\u00e1n, a lo que \u00e9l respondi\u00f3 de inmediato: \u201cS\u00ed, as\u00ed lo he manifestado siempre, finalmente, aunque hagan lo que hagan, vamos a hacer lo que diga la presidenta de la Rep\u00fablica\u201d.<\/p>\n","protected":false},"excerpt":{"rendered":"<p>&#8212; El rector Javier Salda\u00f1a Almaz\u00e1n aclara que todos llegaron por su voluntad, libres de presi\u00f3n y neg\u00f3 qye se vulnere la autonom\u00eda&#8212; A pregunta de los reporteros, se asume&hellip; <\/p>\n","protected":false},"author":21,"featured_media":95426,"comment_status":"open","ping_status":"open","sticky":false,"template":"","format":"standard","meta":{"fifu_image_url":"https:\/\/www.interaccionnoticias.com.mx\/wp-content\/uploads\/2025\/09\/250919-Javier-Saldana-Almazan.jpg","fifu_image_alt":"","footnotes":""},"categories":[30],"tags":[],"class_list":["post-95423","post","type-post","status-publish","format-standard","has-post-thumbnail","hentry","category-universidad"],"_links":{"self":[{"href":"https:\/\/www.interaccionnoticias.com.mx\/index.php?rest_route=\/wp\/v2\/posts\/95423","targetHints":{"allow":["GET"]}}],"collection":[{"href":"https:\/\/www.interaccionnoticias.com.mx\/index.php?rest_route=\/wp\/v2\/posts"}],"about":[{"href":"https:\/\/www.interaccionnoticias.com.mx\/index.php?rest_route=\/wp\/v2\/types\/post"}],"author":[{"embeddable":true,"href":"https:\/\/www.interaccionnoticias.com.mx\/index.php?rest_route=\/wp\/v2\/users\/21"}],"replies":[{"embeddable":true,"href":"https:\/\/www.interaccionnoticias.com.mx\/index.php?rest_route=%2Fwp%2Fv2%2Fcomments&post=95423"}],"version-history":[{"count":1,"href":"https:\/\/www.interaccionnoticias.com.mx\/index.php?rest_route=\/wp\/v2\/posts\/95423\/revisions"}],"predecessor-version":[{"id":95425,"href":"https:\/\/www.interaccionnoticias.com.mx\/index.php?rest_route=\/wp\/v2\/posts\/95423\/revisions\/95425"}],"wp:featuredmedia":[{"embeddable":true,"href":"https:\/\/www.interaccionnoticias.com.mx\/index.php?rest_route=\/wp\/v2\/media\/95426"}],"wp:attachment":[{"href":"https:\/\/www.interaccionnoticias.com.mx\/index.php?rest_route=%2Fwp%2Fv2%2Fmedia&parent=95423"}],"wp:term":[{"taxonomy":"category","embeddable":true,"href":"https:\/\/www.interaccionnoticias.com.mx\/index.php?rest_route=%2Fwp%2Fv2%2Fcategories&post=95423"},{"taxonomy":"post_tag","embeddable":true,"href":"https:\/\/www.interaccionnoticias.com.mx\/index.php?rest_route=%2Fwp%2Fv2%2Ftags&post=95423"}],"curies":[{"name":"wp","href":"https:\/\/api.w.org\/{rel}","templated":true}]}}