{"id":95393,"date":"2025-09-19T13:33:00","date_gmt":"2025-09-19T19:33:00","guid":{"rendered":"https:\/\/www.interaccionnoticias.com.mx\/?p=95393"},"modified":"2025-09-19T15:49:08","modified_gmt":"2025-09-19T21:49:08","slug":"prestadores-de-servicios-de-puerto-vicente-guerrero-protestaron-en-chilpancingo-antes-de-la-llegada-de-claudia-sheinbaum","status":"publish","type":"post","link":"https:\/\/www.interaccionnoticias.com.mx\/?p=95393","title":{"rendered":"Prestadores de servicios de Puerto Vicente Guerrero protestaron en Chilpancingo antes de la llegada de Claudia Sheinbaum"},"content":{"rendered":"\n<p><strong><em>&#8212; Exigen que no los desalojen de ese puerto, donde el gobierno federal anunci\u00f3 la construcci\u00f3n de una base naval de la Marina<\/em><\/strong><\/p>\n\n\n\n<p><strong>Rosario Garc\u00eda Orozco<\/strong><\/p>\n\n\n\n<p>Antes de la llegada de la presidenta de M\u00e9xico, Claudia Sheinbaum Pardo, prestadores de servicio de Puerto Vicente Guerrero, perteneciente a Tecpan de Galeana, protestaron este viernes al exterior del Polideportivo de Chilpancingo para exigir ser atendidos por la mandataria federal y pedirle que no sean desalojados de este destino tur\u00edstico.<\/p>\n\n\n\n<p>Se trat\u00f3 de unos 50 inconformes quienes llegaron a la Unidad Deportiva, donde ser\u00e1 recibida la jefa del Ejecutivo Federal, quienes mencionaron que el gobierno federal anunci\u00f3 que en ese lugar se instalar\u00e1 una base naval de la Marina y por esa raz\u00f3n pretenden desalojarlos.<\/p>\n\n\n\n<p>Ante representantes de los medios de comunicaci\u00f3n, Mart\u00edn de Jes\u00fas D\u00edaz, presidente de la cooperativa Costa Grande, explic\u00f3 que en Puerto Vicente Guerrero, operan siete cooperativas de distintos giros tur\u00edsticos, que ser\u00edan afectadas si se concreta el desalojo.<\/p>\n\n\n\n<p>Explic\u00f3 que en esa zona por lo menos 500 familias dependen de actividades comerciales como restauranteros, hoteleros, servicios n\u00e1uticos y pesca deportiva.<\/p>\n\n\n\n<p>Los prestadores de servicios de Puerto Vicente Guerrero mencionaron que en abril pasado el gobierno federal les notific\u00f3 que ser\u00edan desalojados, debido a que la Secretar\u00eda de Marina (Semar) pretende construir una base naval en ese lugar.<\/p>\n\n\n\n<p>Los manifestantes dijeron no estar en contra de la instalaci\u00f3n de la Base Naval de La Marina, \u00abpero pedimos que cambien el lugar, que no desaparezcan un pueblo que tiene casi 100 a\u00f1os de fundado\u201d, y desde hace m\u00e1s de 25 a\u00f1os presta servicios turisticos.<\/p>\n\n\n\n<p>En tanto, Roberto P\u00e9rez, presidente de la cooperativa de pesca deportiva, sostuvo que si los desalojan de ese lugar se perder\u00e1 por completo el tur\u00edstica de Puerto Vicente Guerrero, que genera cientos de empleos y sostiene a por lo menos 500 familias.<\/p>\n","protected":false},"excerpt":{"rendered":"<p>&#8212; Exigen que no los desalojen de ese puerto, donde el gobierno federal anunci\u00f3 la construcci\u00f3n de una base naval de la Marina Rosario Garc\u00eda Orozco Antes de la llegada&hellip; <\/p>\n","protected":false},"author":14,"featured_media":95396,"comment_status":"open","ping_status":"open","sticky":false,"template":"","format":"standard","meta":{"fifu_image_url":"https:\/\/www.interaccionnoticias.com.mx\/wp-content\/uploads\/2025\/09\/250919-Puerto-Vicente-Guerrero.jpg","fifu_image_alt":"","footnotes":""},"categories":[29],"tags":[],"class_list":["post-95393","post","type-post","status-publish","format-standard","has-post-thumbnail","hentry","category-sociedad"],"_links":{"self":[{"href":"https:\/\/www.interaccionnoticias.com.mx\/index.php?rest_route=\/wp\/v2\/posts\/95393","targetHints":{"allow":["GET"]}}],"collection":[{"href":"https:\/\/www.interaccionnoticias.com.mx\/index.php?rest_route=\/wp\/v2\/posts"}],"about":[{"href":"https:\/\/www.interaccionnoticias.com.mx\/index.php?rest_route=\/wp\/v2\/types\/post"}],"author":[{"embeddable":true,"href":"https:\/\/www.interaccionnoticias.com.mx\/index.php?rest_route=\/wp\/v2\/users\/14"}],"replies":[{"embeddable":true,"href":"https:\/\/www.interaccionnoticias.com.mx\/index.php?rest_route=%2Fwp%2Fv2%2Fcomments&post=95393"}],"version-history":[{"count":1,"href":"https:\/\/www.interaccionnoticias.com.mx\/index.php?rest_route=\/wp\/v2\/posts\/95393\/revisions"}],"predecessor-version":[{"id":95395,"href":"https:\/\/www.interaccionnoticias.com.mx\/index.php?rest_route=\/wp\/v2\/posts\/95393\/revisions\/95395"}],"wp:featuredmedia":[{"embeddable":true,"href":"https:\/\/www.interaccionnoticias.com.mx\/index.php?rest_route=\/wp\/v2\/media\/95396"}],"wp:attachment":[{"href":"https:\/\/www.interaccionnoticias.com.mx\/index.php?rest_route=%2Fwp%2Fv2%2Fmedia&parent=95393"}],"wp:term":[{"taxonomy":"category","embeddable":true,"href":"https:\/\/www.interaccionnoticias.com.mx\/index.php?rest_route=%2Fwp%2Fv2%2Fcategories&post=95393"},{"taxonomy":"post_tag","embeddable":true,"href":"https:\/\/www.interaccionnoticias.com.mx\/index.php?rest_route=%2Fwp%2Fv2%2Ftags&post=95393"}],"curies":[{"name":"wp","href":"https:\/\/api.w.org\/{rel}","templated":true}]}}