{"id":94682,"date":"2025-09-01T13:00:26","date_gmt":"2025-09-01T19:00:26","guid":{"rendered":"https:\/\/www.interaccionnoticias.com.mx\/?p=94682"},"modified":"2025-09-01T13:00:27","modified_gmt":"2025-09-01T19:00:27","slug":"normalistas-bloquean-la-avenida-de-la-juventud-en-chilpancingo","status":"publish","type":"post","link":"https:\/\/www.interaccionnoticias.com.mx\/?p=94682","title":{"rendered":"Normalistas bloquean la avenida de La Juventud en Chilpancingo"},"content":{"rendered":"\n<p><strong><em>&#8212; Exigen material did\u00e1ctico a la SEG<\/em><\/strong><\/p>\n\n\n\n<p><strong>Jes\u00fas Dorantes \/ Chilpancingo<\/strong><\/p>\n\n\n\n<p><strong>Chilpancingo, Gro., 1 de septiembre de 2025. \u2014<\/strong> Alrededor de 50 estudiantes de la Escuela Normal \u201cAdolfo Viguri Viguri\u201d protestaron este lunes con un bloqueo en la avenida de La Juventud, en la colonia Bur\u00f3cratas, para exigir a la Secretar\u00eda de Educaci\u00f3n Guerrero (SEG) la entrega de material did\u00e1ctico pendiente para sus pr\u00e1cticas profesionales.<\/p>\n\n\n\n<p>Las alumnas suspendieron clases y se concentraron frente al plantel con el argumento de que la falta de insumos afecta directamente su formaci\u00f3n como futuras docentes. Aunque las manifestantes evitaron dar declaraciones, su presencia en la vialidad gener\u00f3 afectaciones a la circulaci\u00f3n en la zona.<\/p>\n\n\n\n<p>Al respecto, la subsecretaria de Educaci\u00f3n Media Superior y Superior, Lucila Rangel, reconoci\u00f3 que la demanda de las estudiantes corresponde a la dotaci\u00f3n de material did\u00e1ctico que presenta retrasos, pero asegur\u00f3 que en los pr\u00f3ximos d\u00edas ser\u00e1 entregado.<\/p>\n\n\n\n<p>La funcionaria se\u00f1al\u00f3 que la SEG mantiene di\u00e1logo con las j\u00f3venes inconformes y confi\u00f3 en que el conflicto se resuelva a la brevedad.<\/p>\n\n\n\n<p>Hasta el medio d\u00eda de este lunes, el bloqueo permanece como medida de presi\u00f3n a las autoridades educativas, en espera de una respuesta concreta a la exigencia de las normalistas.<\/p>\n","protected":false},"excerpt":{"rendered":"<p>&#8212; Exigen material did\u00e1ctico a la SEG Jes\u00fas Dorantes \/ Chilpancingo Chilpancingo, Gro., 1 de septiembre de 2025. \u2014 Alrededor de 50 estudiantes de la Escuela Normal \u201cAdolfo Viguri Viguri\u201d&hellip; <\/p>\n","protected":false},"author":8,"featured_media":94685,"comment_status":"open","ping_status":"open","sticky":false,"template":"","format":"standard","meta":{"fifu_image_url":"https:\/\/www.interaccionnoticias.com.mx\/wp-content\/uploads\/2025\/09\/250901-Adolfo-Viguri-Viguri.jpg","fifu_image_alt":"","footnotes":""},"categories":[6],"tags":[],"class_list":["post-94682","post","type-post","status-publish","format-standard","has-post-thumbnail","hentry","category-educacion"],"_links":{"self":[{"href":"https:\/\/www.interaccionnoticias.com.mx\/index.php?rest_route=\/wp\/v2\/posts\/94682","targetHints":{"allow":["GET"]}}],"collection":[{"href":"https:\/\/www.interaccionnoticias.com.mx\/index.php?rest_route=\/wp\/v2\/posts"}],"about":[{"href":"https:\/\/www.interaccionnoticias.com.mx\/index.php?rest_route=\/wp\/v2\/types\/post"}],"author":[{"embeddable":true,"href":"https:\/\/www.interaccionnoticias.com.mx\/index.php?rest_route=\/wp\/v2\/users\/8"}],"replies":[{"embeddable":true,"href":"https:\/\/www.interaccionnoticias.com.mx\/index.php?rest_route=%2Fwp%2Fv2%2Fcomments&post=94682"}],"version-history":[{"count":1,"href":"https:\/\/www.interaccionnoticias.com.mx\/index.php?rest_route=\/wp\/v2\/posts\/94682\/revisions"}],"predecessor-version":[{"id":94684,"href":"https:\/\/www.interaccionnoticias.com.mx\/index.php?rest_route=\/wp\/v2\/posts\/94682\/revisions\/94684"}],"wp:featuredmedia":[{"embeddable":true,"href":"https:\/\/www.interaccionnoticias.com.mx\/index.php?rest_route=\/wp\/v2\/media\/94685"}],"wp:attachment":[{"href":"https:\/\/www.interaccionnoticias.com.mx\/index.php?rest_route=%2Fwp%2Fv2%2Fmedia&parent=94682"}],"wp:term":[{"taxonomy":"category","embeddable":true,"href":"https:\/\/www.interaccionnoticias.com.mx\/index.php?rest_route=%2Fwp%2Fv2%2Fcategories&post=94682"},{"taxonomy":"post_tag","embeddable":true,"href":"https:\/\/www.interaccionnoticias.com.mx\/index.php?rest_route=%2Fwp%2Fv2%2Ftags&post=94682"}],"curies":[{"name":"wp","href":"https:\/\/api.w.org\/{rel}","templated":true}]}}