{"id":94675,"date":"2025-09-01T12:18:05","date_gmt":"2025-09-01T18:18:05","guid":{"rendered":"https:\/\/www.interaccionnoticias.com.mx\/?p=94675"},"modified":"2025-09-01T12:18:05","modified_gmt":"2025-09-01T18:18:05","slug":"arranca-en-guerrero-el-ciclo-escolar-2025-2026-con-mas-de-un-millon-de-estudiantes","status":"publish","type":"post","link":"https:\/\/www.interaccionnoticias.com.mx\/?p=94675","title":{"rendered":"Arranca en Guerrero el ciclo escolar 2025-2026 con m\u00e1s de un mill\u00f3n de estudiantes"},"content":{"rendered":"\n<p><em><strong>&#8212; Anuncian acciones para abatir el rezago escolar<\/strong><\/em><\/p>\n\n\n\n<p><strong>Jes\u00fas Dorantes \/ Chilpancingo<\/strong><\/p>\n\n\n\n<p><strong>Chilpancingo, Gro., 1 de septiembre de 2025. \u2014<\/strong> M\u00e1s de un mill\u00f3n 100 mil estudiantes regresaron este lunes a las aulas en Guerrero para dar inicio al ciclo escolar 2025-2026, en una ceremonia encabezada por el titular de la Secretar\u00eda de Educaci\u00f3n Guerrero (SEG), Ricardo Castillo Pe\u00f1a.<\/p>\n\n\n\n<p>En representaci\u00f3n de la gobernadora Evelyn Salgado Pineda, quien envi\u00f3 un mensaje de respaldo a la comunidad escolar, el funcionario estatal destac\u00f3 que en educaci\u00f3n b\u00e1sica \u2014desde preescolar hasta secundaria\u2014 se reincorporaron 700 mil 531 alumnos, atendidos por 48 mil 985 docentes en 10 mil 720 planteles de la entidad.<\/p>\n\n\n\n<p>A esta cifra se suman 262 mil 649 j\u00f3venes de nivel medio superior, lo que en conjunto eleva la matr\u00edcula total del estado a un mill\u00f3n 126 mil estudiantes.<\/p>\n\n\n\n<p>Durante su intervenci\u00f3n, Castillo Pe\u00f1a subray\u00f3 el papel de las escuelas como espacios de transformaci\u00f3n social y reconoci\u00f3 la labor del magisterio guerrerense, as\u00ed como el acompa\u00f1amiento de madres y padres en la formaci\u00f3n de sus hijos. \u201cCada plantel se convierte desde hoy en un faro de conocimiento\u201d, expres\u00f3.<\/p>\n\n\n\n<p>El secretario llam\u00f3 a las y los j\u00f3venes a aprovechar la escuela como un espacio propio, donde se forjan los futuros profesionistas que habr\u00e1n de contribuir al desarrollo del estado.<\/p>\n\n\n\n<p>Finalmente, adelant\u00f3 que la SEG fortalecer\u00e1 las acciones para reducir el abandono escolar, mejorar la infraestructura educativa y garantizar que, sin importar la regi\u00f3n, cada estudiante tenga acceso a una ense\u00f1anza de calidad.<\/p>\n\n\n\n<figure class=\"wp-block-gallery has-nested-images columns-default is-cropped wp-block-gallery-1 is-layout-flex wp-block-gallery-is-layout-flex\">\n<figure class=\"wp-block-image size-large\"><img decoding=\"async\" src=\"data:image\/gif;base64,R0lGODlhAQABAIAAAAAAAP\/\/\/ywAAAAAAQABAAACAUwAOw==\" fifu-lazy=\"1\" fifu-data-sizes=\"auto\" fifu-data-srcset=\"https:\/\/i0.wp.com\/www.interaccionnoticias.com.mx\/wp-content\/uploads\/2025\/09\/250901-ciclo-escolar-25-26-3-1024x683.jpg?ssl=1&w=75&resize=75&ssl=1 75w, https:\/\/i0.wp.com\/www.interaccionnoticias.com.mx\/wp-content\/uploads\/2025\/09\/250901-ciclo-escolar-25-26-3-1024x683.jpg?ssl=1&w=100&resize=100&ssl=1 100w, https:\/\/i0.wp.com\/www.interaccionnoticias.com.mx\/wp-content\/uploads\/2025\/09\/250901-ciclo-escolar-25-26-3-1024x683.jpg?ssl=1&w=150&resize=150&ssl=1 150w, https:\/\/i0.wp.com\/www.interaccionnoticias.com.mx\/wp-content\/uploads\/2025\/09\/250901-ciclo-escolar-25-26-3-1024x683.jpg?ssl=1&w=240&resize=240&ssl=1 240w, https:\/\/i0.wp.com\/www.interaccionnoticias.com.mx\/wp-content\/uploads\/2025\/09\/250901-ciclo-escolar-25-26-3-1024x683.jpg?ssl=1&w=320&resize=320&ssl=1 320w, https:\/\/i0.wp.com\/www.interaccionnoticias.com.mx\/wp-content\/uploads\/2025\/09\/250901-ciclo-escolar-25-26-3-1024x683.jpg?ssl=1&w=500&resize=500&ssl=1 500w, https:\/\/i0.wp.com\/www.interaccionnoticias.com.mx\/wp-content\/uploads\/2025\/09\/250901-ciclo-escolar-25-26-3-1024x683.jpg?ssl=1&w=640&resize=640&ssl=1 640w, https:\/\/i0.wp.com\/www.interaccionnoticias.com.mx\/wp-content\/uploads\/2025\/09\/250901-ciclo-escolar-25-26-3-1024x683.jpg?ssl=1&w=800&resize=800&ssl=1 800w, https:\/\/i0.wp.com\/www.interaccionnoticias.com.mx\/wp-content\/uploads\/2025\/09\/250901-ciclo-escolar-25-26-3-1024x683.jpg?ssl=1&w=1024&resize=1024&ssl=1 1024w, https:\/\/i0.wp.com\/www.interaccionnoticias.com.mx\/wp-content\/uploads\/2025\/09\/250901-ciclo-escolar-25-26-3-1024x683.jpg?ssl=1&w=1280&resize=1280&ssl=1 1280w, https:\/\/i0.wp.com\/www.interaccionnoticias.com.mx\/wp-content\/uploads\/2025\/09\/250901-ciclo-escolar-25-26-3-1024x683.jpg?ssl=1&w=1600&resize=1600&ssl=1 1600w\" data-id=\"94676\" fifu-data-src=\"https:\/\/i0.wp.com\/www.interaccionnoticias.com.mx\/wp-content\/uploads\/2025\/09\/250901-ciclo-escolar-25-26-3-1024x683.jpg?ssl=1\" alt=\"\" class=\"wp-image-94676\"\/><\/figure>\n\n\n\n<figure class=\"wp-block-image size-large\"><img decoding=\"async\" src=\"data:image\/gif;base64,R0lGODlhAQABAIAAAAAAAP\/\/\/ywAAAAAAQABAAACAUwAOw==\" fifu-lazy=\"1\" fifu-data-sizes=\"auto\" fifu-data-srcset=\"https:\/\/i2.wp.com\/www.interaccionnoticias.com.mx\/wp-content\/uploads\/2025\/09\/250901-ciclo-escolar-25-26-2-1024x683.jpg?ssl=1&w=75&resize=75&ssl=1 75w, https:\/\/i2.wp.com\/www.interaccionnoticias.com.mx\/wp-content\/uploads\/2025\/09\/250901-ciclo-escolar-25-26-2-1024x683.jpg?ssl=1&w=100&resize=100&ssl=1 100w, https:\/\/i2.wp.com\/www.interaccionnoticias.com.mx\/wp-content\/uploads\/2025\/09\/250901-ciclo-escolar-25-26-2-1024x683.jpg?ssl=1&w=150&resize=150&ssl=1 150w, https:\/\/i2.wp.com\/www.interaccionnoticias.com.mx\/wp-content\/uploads\/2025\/09\/250901-ciclo-escolar-25-26-2-1024x683.jpg?ssl=1&w=240&resize=240&ssl=1 240w, https:\/\/i2.wp.com\/www.interaccionnoticias.com.mx\/wp-content\/uploads\/2025\/09\/250901-ciclo-escolar-25-26-2-1024x683.jpg?ssl=1&w=320&resize=320&ssl=1 320w, https:\/\/i2.wp.com\/www.interaccionnoticias.com.mx\/wp-content\/uploads\/2025\/09\/250901-ciclo-escolar-25-26-2-1024x683.jpg?ssl=1&w=500&resize=500&ssl=1 500w, https:\/\/i2.wp.com\/www.interaccionnoticias.com.mx\/wp-content\/uploads\/2025\/09\/250901-ciclo-escolar-25-26-2-1024x683.jpg?ssl=1&w=640&resize=640&ssl=1 640w, https:\/\/i2.wp.com\/www.interaccionnoticias.com.mx\/wp-content\/uploads\/2025\/09\/250901-ciclo-escolar-25-26-2-1024x683.jpg?ssl=1&w=800&resize=800&ssl=1 800w, https:\/\/i2.wp.com\/www.interaccionnoticias.com.mx\/wp-content\/uploads\/2025\/09\/250901-ciclo-escolar-25-26-2-1024x683.jpg?ssl=1&w=1024&resize=1024&ssl=1 1024w, https:\/\/i2.wp.com\/www.interaccionnoticias.com.mx\/wp-content\/uploads\/2025\/09\/250901-ciclo-escolar-25-26-2-1024x683.jpg?ssl=1&w=1280&resize=1280&ssl=1 1280w, https:\/\/i2.wp.com\/www.interaccionnoticias.com.mx\/wp-content\/uploads\/2025\/09\/250901-ciclo-escolar-25-26-2-1024x683.jpg?ssl=1&w=1600&resize=1600&ssl=1 1600w\" data-id=\"94678\" fifu-data-src=\"https:\/\/i2.wp.com\/www.interaccionnoticias.com.mx\/wp-content\/uploads\/2025\/09\/250901-ciclo-escolar-25-26-2-1024x683.jpg?ssl=1\" alt=\"\" class=\"wp-image-94678\"\/><\/figure>\n\n\n\n<figure class=\"wp-block-image size-large\"><img decoding=\"async\" src=\"data:image\/gif;base64,R0lGODlhAQABAIAAAAAAAP\/\/\/ywAAAAAAQABAAACAUwAOw==\" fifu-lazy=\"1\" fifu-data-sizes=\"auto\" fifu-data-srcset=\"https:\/\/i1.wp.com\/www.interaccionnoticias.com.mx\/wp-content\/uploads\/2025\/09\/250901-ciclo-escolar-25-26-1-1024x683.jpg?ssl=1&w=75&resize=75&ssl=1 75w, https:\/\/i1.wp.com\/www.interaccionnoticias.com.mx\/wp-content\/uploads\/2025\/09\/250901-ciclo-escolar-25-26-1-1024x683.jpg?ssl=1&w=100&resize=100&ssl=1 100w, https:\/\/i1.wp.com\/www.interaccionnoticias.com.mx\/wp-content\/uploads\/2025\/09\/250901-ciclo-escolar-25-26-1-1024x683.jpg?ssl=1&w=150&resize=150&ssl=1 150w, https:\/\/i1.wp.com\/www.interaccionnoticias.com.mx\/wp-content\/uploads\/2025\/09\/250901-ciclo-escolar-25-26-1-1024x683.jpg?ssl=1&w=240&resize=240&ssl=1 240w, https:\/\/i1.wp.com\/www.interaccionnoticias.com.mx\/wp-content\/uploads\/2025\/09\/250901-ciclo-escolar-25-26-1-1024x683.jpg?ssl=1&w=320&resize=320&ssl=1 320w, https:\/\/i1.wp.com\/www.interaccionnoticias.com.mx\/wp-content\/uploads\/2025\/09\/250901-ciclo-escolar-25-26-1-1024x683.jpg?ssl=1&w=500&resize=500&ssl=1 500w, https:\/\/i1.wp.com\/www.interaccionnoticias.com.mx\/wp-content\/uploads\/2025\/09\/250901-ciclo-escolar-25-26-1-1024x683.jpg?ssl=1&w=640&resize=640&ssl=1 640w, https:\/\/i1.wp.com\/www.interaccionnoticias.com.mx\/wp-content\/uploads\/2025\/09\/250901-ciclo-escolar-25-26-1-1024x683.jpg?ssl=1&w=800&resize=800&ssl=1 800w, https:\/\/i1.wp.com\/www.interaccionnoticias.com.mx\/wp-content\/uploads\/2025\/09\/250901-ciclo-escolar-25-26-1-1024x683.jpg?ssl=1&w=1024&resize=1024&ssl=1 1024w, https:\/\/i1.wp.com\/www.interaccionnoticias.com.mx\/wp-content\/uploads\/2025\/09\/250901-ciclo-escolar-25-26-1-1024x683.jpg?ssl=1&w=1280&resize=1280&ssl=1 1280w, https:\/\/i1.wp.com\/www.interaccionnoticias.com.mx\/wp-content\/uploads\/2025\/09\/250901-ciclo-escolar-25-26-1-1024x683.jpg?ssl=1&w=1600&resize=1600&ssl=1 1600w\" data-id=\"94677\" fifu-data-src=\"https:\/\/i1.wp.com\/www.interaccionnoticias.com.mx\/wp-content\/uploads\/2025\/09\/250901-ciclo-escolar-25-26-1-1024x683.jpg?ssl=1\" alt=\"\" class=\"wp-image-94677\"\/><\/figure>\n<\/figure>\n","protected":false},"excerpt":{"rendered":"<p>&#8212; Anuncian acciones para abatir el rezago escolar Jes\u00fas Dorantes \/ Chilpancingo Chilpancingo, Gro., 1 de septiembre de 2025. \u2014 M\u00e1s de un mill\u00f3n 100 mil estudiantes regresaron este lunes&hellip; <\/p>\n","protected":false},"author":8,"featured_media":94680,"comment_status":"open","ping_status":"open","sticky":false,"template":"","format":"standard","meta":{"fifu_image_url":"https:\/\/www.interaccionnoticias.com.mx\/wp-content\/uploads\/2025\/09\/250901-ciclo-escolar-25-26-1.jpg","fifu_image_alt":"","footnotes":""},"categories":[6],"tags":[],"class_list":["post-94675","post","type-post","status-publish","format-standard","has-post-thumbnail","hentry","category-educacion"],"_links":{"self":[{"href":"https:\/\/www.interaccionnoticias.com.mx\/index.php?rest_route=\/wp\/v2\/posts\/94675","targetHints":{"allow":["GET"]}}],"collection":[{"href":"https:\/\/www.interaccionnoticias.com.mx\/index.php?rest_route=\/wp\/v2\/posts"}],"about":[{"href":"https:\/\/www.interaccionnoticias.com.mx\/index.php?rest_route=\/wp\/v2\/types\/post"}],"author":[{"embeddable":true,"href":"https:\/\/www.interaccionnoticias.com.mx\/index.php?rest_route=\/wp\/v2\/users\/8"}],"replies":[{"embeddable":true,"href":"https:\/\/www.interaccionnoticias.com.mx\/index.php?rest_route=%2Fwp%2Fv2%2Fcomments&post=94675"}],"version-history":[{"count":1,"href":"https:\/\/www.interaccionnoticias.com.mx\/index.php?rest_route=\/wp\/v2\/posts\/94675\/revisions"}],"predecessor-version":[{"id":94679,"href":"https:\/\/www.interaccionnoticias.com.mx\/index.php?rest_route=\/wp\/v2\/posts\/94675\/revisions\/94679"}],"wp:featuredmedia":[{"embeddable":true,"href":"https:\/\/www.interaccionnoticias.com.mx\/index.php?rest_route=\/wp\/v2\/media\/94680"}],"wp:attachment":[{"href":"https:\/\/www.interaccionnoticias.com.mx\/index.php?rest_route=%2Fwp%2Fv2%2Fmedia&parent=94675"}],"wp:term":[{"taxonomy":"category","embeddable":true,"href":"https:\/\/www.interaccionnoticias.com.mx\/index.php?rest_route=%2Fwp%2Fv2%2Fcategories&post=94675"},{"taxonomy":"post_tag","embeddable":true,"href":"https:\/\/www.interaccionnoticias.com.mx\/index.php?rest_route=%2Fwp%2Fv2%2Ftags&post=94675"}],"curies":[{"name":"wp","href":"https:\/\/api.w.org\/{rel}","templated":true}]}}