{"id":9439,"date":"2017-10-22T19:59:38","date_gmt":"2017-10-23T00:59:38","guid":{"rendered":"http:\/\/www.inter-accion.com.mx\/?p=9439"},"modified":"2017-10-22T19:59:38","modified_gmt":"2017-10-23T00:59:38","slug":"realizan-marcha-por-la-indignacion-en-chilapa","status":"publish","type":"post","link":"https:\/\/www.interaccionnoticias.com.mx\/?p=9439","title":{"rendered":"Realizan marcha por la indignaci\u00f3n, en Chilapa"},"content":{"rendered":"<p><br \/>\n<strong>Piden la captura de los l\u00edderes del crimen organizado<\/strong><br \/>\nActivistas de diferentes organizaciones sociales, padres de los 43 y estudiantes de la Normal Rural de Ayotzinapa realizaron en Chilapa la \u201cmarcha de la indignaci\u00f3n\u201d, para exigir la captura de los lideres del crimen organizado que se disputan el control de la Monta\u00f1a baja de Guerrero.<br \/>\nSi bien la marcha se realiz\u00f3 de la cabecera municipal hacia las inmediaciones de Nejapa, en el punto en que fueron encontrados los cuerpos calcinados de Ranferi Hern\u00e1ndez Acevedo, su esposa, suegra y chofer, el reclamo fue que se esclarezcan todos los asesinatos cometidos en contra de comerciantes, artesanos, campesinos y dirigentes sociales.<br \/>\nEl contingente estuvo integrado por poco m\u00e1s de 500 personas, entre estudiantes de la Normal Rural de Ayotzinapa, padres de los 43, integrantes de la Unidad Popular (UP), del colectivo Siempre Vivos, del Centro de Derechos Humanos Jos\u00e9 Mar\u00eda Morelos y Pav\u00f3n, adem\u00e1s de la Organizaci\u00f3n Campesina de la Sierra del Sur (OCSS), entre otras agrupaciones.<br \/>\nEl recorrido se prolong\u00f3 aproximadamente por espacio de 5 kil\u00f3metros, comenz\u00f3 en las inmediaciones de la glorieta de Eucaria Apreza y culmin\u00f3 en las inmediaciones de Nejapa, comunidad en la que fueron asesinados y calcinados Ranferi Hern\u00e1ndez y su familia, la noche del s\u00e1bado 14 de octubre.<br \/>\nDe primera instancia, el profesor Jos\u00e9 D\u00edaz Navarro, vocero del colectivo \u201cSiempre vivos\u201d manifest\u00f3 que lo que actualmente sucede en lo que se conoce como \u201cel corredor de la muerte\u201d es responsabilidad de las omisiones cometidas por los tres niveles de gobierno.<br \/>\nRecord\u00f3 que hace varios meses, dicho colectivo solicit\u00f3 al Senado de la Rep\u00fablica que se emitiera una declaratoria de desastre humanitario, por la cantidad de secuestros, asesinatos dolosos y desapariciones que se tienen registradas, sin que se consiguiera la respuesta que necesitaban familiares y amigos de las v\u00edctimas.<br \/>\nDestac\u00f3 que por tratarse de hechos vinculados al crimen organizado, destac\u00f3 que la principal entidad responsable es la federaci\u00f3n, por lo que solicit\u00f3 que haya una mayor atenci\u00f3n al problema que se enfrenta.<br \/>\nLament\u00f3 que en el informe de gobierno del pasado 19 de octubre, no se mencionara el caso de Chilapa y en consecuencia, no se mandara un mensaje en\u00e9rgico en el sentido de imponer el orden en la zona.<br \/>\n\u201cLo que prevalece en Chilapa es un caos, hay todo tipo de violaciones a los derechos humanos y queremos que se haga justicia\u201d, anot\u00f3.<br \/>\n<strong>Queremos a las cabezas del crimen<\/strong><br \/>\nMelit\u00f3n Ortega Carlos, uno de los voceros del colectivo Nos faltan 43 reproch\u00f3 el hecho de que aun con la presencia de personal de la Polic\u00eda del Estado y del Ej\u00e9rcito Mexicano, los cr\u00edmenes no cesan, lo mismo en el tramo que va de Chilapa hacia Chilpancingo, como en la ruta que comunica con Tlapa.<br \/>\n\u201cNosotros creemos que esta violencia que prevalece es parte de una pol\u00edtica de Estado, encaminada a generar terror entre la poblaci\u00f3n, con la intenci\u00f3n de mantener permanentemente atemorizada a la poblaci\u00f3n\u201d.<br \/>\nSoledad Hern\u00e1ndez, hija del asesinado dirigente de la Unidad Popular de Iguala, Arturo Hern\u00e1ndez Cardona, calific\u00f3 como un fraude al hecho de que exista un organismo como el Grupo de Coordinaci\u00f3n Guerrero (GCG) y la mayor\u00eda de los cr\u00edmenes queden en la impunidad.<br \/>\nEn el punto en que se encontraron los cad\u00e1veres calcinados de Ranferi y su familia, Soledad Hern\u00e1ndez exigi\u00f3 la captura de los l\u00edderes del crimen que operan en Chilapa: \u201cNo queremos que presenten a cualquier individuo como responsable de este crimen, queremos las cabezas o cabecillas de estos grupos, todos sabemos a quienes nos referimos\u201d.<br \/>\nNorma Mesino Mesino, a nombre de la OCSS sostuvo que los agresores de los Hern\u00e1ndez intentaron borrar toda su historia como luchador social, pero en realidad, lo que consiguieron fue avivar al movimiento social.<br \/>\n\u201cDe estas cenizas van a salir muchas voces y muchos pu\u00f1os; porque no solo es Ranferi, Arturo, Raymundo, Armando y decenas de compa\u00f1eros asesinados, torturados y desaparecidos\u201d.<br \/>\nAgreg\u00f3: \u201cEsto que se cometi\u00f3 es una atrocidad y por eso no debemos bajar la voz, no debemos callarnos ante ninguna injusticia, unirnos para ir a donde tengamos para que los asesinos paguen y tengan su castigo, porque lo que le hicieron a Ranferi nos lo hicieron a todos\u201d.<br \/>\nRecord\u00f3 los casos de sus hermanos Miguel Angel y Roc\u00edo Mesino, asesinados en la regi\u00f3n de la Costa Grande, quienes al igual que Ranferi se convirtieron en un referente para la movilizaci\u00f3n social.<br \/>\n<strong>Los militares estaban cerca<\/strong><br \/>\nManuel Olivares Hern\u00e1ndez, director del Centro Morelos manifest\u00f3 que a menos de un kil\u00f3metro del punto en que fueron calcinados los cuerpos de la familia Hern\u00e1ndez hab\u00eda un puesto militar, sin embargo ellos no hicieron nada.<br \/>\n\u201cNo es posible que la presencia de tantos militares y tantos polic\u00edas no detenga la violencia que nos azota todos los d\u00edas\u201d, reproch\u00f3.<br \/>\nPor esa raz\u00f3n, se sum\u00f3 al reclamo de justicia y llam\u00f3 a la poblaci\u00f3n para demandar la presentaci\u00f3n con vida de decenas de desaparecidos en la zona.<\/p>\n","protected":false},"excerpt":{"rendered":"<p>Piden la captura de los l\u00edderes del crimen organizado Activistas de diferentes organizaciones sociales, padres de los 43 y estudiantes de la Normal Rural de Ayotzinapa realizaron en Chilapa la&hellip; <\/p>\n","protected":false},"author":1,"featured_media":0,"comment_status":"closed","ping_status":"closed","sticky":false,"template":"","format":"standard","meta":{"fifu_image_url":"","fifu_image_alt":"","footnotes":""},"categories":[8,15],"tags":[],"class_list":["post-9439","post","type-post","status-publish","format-standard","hentry","category-featured","category-movimientos-sociales"],"_links":{"self":[{"href":"https:\/\/www.interaccionnoticias.com.mx\/index.php?rest_route=\/wp\/v2\/posts\/9439","targetHints":{"allow":["GET"]}}],"collection":[{"href":"https:\/\/www.interaccionnoticias.com.mx\/index.php?rest_route=\/wp\/v2\/posts"}],"about":[{"href":"https:\/\/www.interaccionnoticias.com.mx\/index.php?rest_route=\/wp\/v2\/types\/post"}],"author":[{"embeddable":true,"href":"https:\/\/www.interaccionnoticias.com.mx\/index.php?rest_route=\/wp\/v2\/users\/1"}],"replies":[{"embeddable":true,"href":"https:\/\/www.interaccionnoticias.com.mx\/index.php?rest_route=%2Fwp%2Fv2%2Fcomments&post=9439"}],"version-history":[{"count":0,"href":"https:\/\/www.interaccionnoticias.com.mx\/index.php?rest_route=\/wp\/v2\/posts\/9439\/revisions"}],"wp:attachment":[{"href":"https:\/\/www.interaccionnoticias.com.mx\/index.php?rest_route=%2Fwp%2Fv2%2Fmedia&parent=9439"}],"wp:term":[{"taxonomy":"category","embeddable":true,"href":"https:\/\/www.interaccionnoticias.com.mx\/index.php?rest_route=%2Fwp%2Fv2%2Fcategories&post=9439"},{"taxonomy":"post_tag","embeddable":true,"href":"https:\/\/www.interaccionnoticias.com.mx\/index.php?rest_route=%2Fwp%2Fv2%2Ftags&post=9439"}],"curies":[{"name":"wp","href":"https:\/\/api.w.org\/{rel}","templated":true}]}}