{"id":9436,"date":"2017-10-21T18:55:58","date_gmt":"2017-10-21T23:55:58","guid":{"rendered":"http:\/\/www.inter-accion.com.mx\/?p=9436"},"modified":"2017-10-21T18:55:58","modified_gmt":"2017-10-21T23:55:58","slug":"entre-lunes-y-martes-mas-cambios-en-la-administracion-municipal-de-chilpancingo","status":"publish","type":"post","link":"https:\/\/www.interaccionnoticias.com.mx\/?p=9436","title":{"rendered":"Entre lunes y martes, m\u00e1s cambios en la administraci\u00f3n municipal de Chilpancingo"},"content":{"rendered":"<p>El alcalde de Chilpancingo, Jes\u00fas Tejeda Vargas anticip\u00f3 que entre lunes y martes de la pr\u00f3xima semana habr\u00e1 m\u00e1s cambios en la administraci\u00f3n municipal, para mandar un mensaje de confianza a la poblaci\u00f3n.&nbsp;&nbsp;<br \/>\nEn la sede estatal del PRI, partido en el que milita, el reci\u00e9n designado jefe de cabildo en la capital del estado coment\u00f3 que ya ha tenido algunos acercamientos con&nbsp;&nbsp;su homologo del municipio de Eduardo Neri, Pablo Higuera Fuentes, quien ha mostrado disposici\u00f3n para permitir que la basura que se genera en Chilpancingo se pueda depositar en esa demarcaci\u00f3n.<br \/>\nAnticip\u00f3 que este domingo se reunir\u00e1 con el alcalde de Tixtla, Hosse\u00edn Nabor Guill\u00e9n para tratar lo relacionado con la celda que ya est\u00e1 habilitada en las inmediaciones de Metlalapa.<br \/>\nAunque todav\u00eda no ha sostenido un dialogo directo, dijo que percibe disposici\u00f3n en su hom\u00f3logo de filiaci\u00f3n perredista para retomar el asunto.<br \/>\nExplic\u00f3 que hay m\u00e1s espacios en los que se puede habilitar un nuevo relleno sanitario, pero tambi\u00e9n explic\u00f3 que se est\u00e1 revisando trabajar en donde menos prejuicios se generen para la poblaci\u00f3n.<br \/>\nEn cuanto a la restructuraci\u00f3n de la administraci\u00f3n municipal, dijo que espera que para el lunes y martes de la semana entrante se den a conocer nuevos nombramientos, ya que es necesario refrescar la administraci\u00f3n para mandar un mensaje a la sociedad de que se quiere recuperar la confianza.<br \/>\nNo se anim\u00f3 a dar a conocer que espacios es donde se realizar\u00e1n los cambios, pero explic\u00f3 que cada movimiento estar\u00e1 sustentado en la no obtenci\u00f3n de resultados.<\/p>\n","protected":false},"excerpt":{"rendered":"<p>El alcalde de Chilpancingo, Jes\u00fas Tejeda Vargas anticip\u00f3 que entre lunes y martes de la pr\u00f3xima semana habr\u00e1 m\u00e1s cambios en la administraci\u00f3n municipal, para mandar un mensaje de confianza&hellip; <\/p>\n","protected":false},"author":1,"featured_media":0,"comment_status":"closed","ping_status":"closed","sticky":false,"template":"","format":"standard","meta":{"fifu_image_url":"","fifu_image_alt":"","footnotes":""},"categories":[13,8],"tags":[],"class_list":["post-9436","post","type-post","status-publish","format-standard","hentry","category-capital","category-featured"],"_links":{"self":[{"href":"https:\/\/www.interaccionnoticias.com.mx\/index.php?rest_route=\/wp\/v2\/posts\/9436","targetHints":{"allow":["GET"]}}],"collection":[{"href":"https:\/\/www.interaccionnoticias.com.mx\/index.php?rest_route=\/wp\/v2\/posts"}],"about":[{"href":"https:\/\/www.interaccionnoticias.com.mx\/index.php?rest_route=\/wp\/v2\/types\/post"}],"author":[{"embeddable":true,"href":"https:\/\/www.interaccionnoticias.com.mx\/index.php?rest_route=\/wp\/v2\/users\/1"}],"replies":[{"embeddable":true,"href":"https:\/\/www.interaccionnoticias.com.mx\/index.php?rest_route=%2Fwp%2Fv2%2Fcomments&post=9436"}],"version-history":[{"count":0,"href":"https:\/\/www.interaccionnoticias.com.mx\/index.php?rest_route=\/wp\/v2\/posts\/9436\/revisions"}],"wp:attachment":[{"href":"https:\/\/www.interaccionnoticias.com.mx\/index.php?rest_route=%2Fwp%2Fv2%2Fmedia&parent=9436"}],"wp:term":[{"taxonomy":"category","embeddable":true,"href":"https:\/\/www.interaccionnoticias.com.mx\/index.php?rest_route=%2Fwp%2Fv2%2Fcategories&post=9436"},{"taxonomy":"post_tag","embeddable":true,"href":"https:\/\/www.interaccionnoticias.com.mx\/index.php?rest_route=%2Fwp%2Fv2%2Ftags&post=9436"}],"curies":[{"name":"wp","href":"https:\/\/api.w.org\/{rel}","templated":true}]}}