{"id":94276,"date":"2025-08-21T16:20:00","date_gmt":"2025-08-21T22:20:00","guid":{"rendered":"https:\/\/www.interaccionnoticias.com.mx\/?p=94276"},"modified":"2025-08-21T23:37:22","modified_gmt":"2025-08-22T05:37:22","slug":"dice-felipe-de-la-cruz-que-vidulfo-rosales-se-vendio","status":"publish","type":"post","link":"https:\/\/www.interaccionnoticias.com.mx\/?p=94276","title":{"rendered":"Dice Felipe de la Cruz que Vidulfo Rosales \u00abse vendi\u00f3\u00bb"},"content":{"rendered":"\n<p><strong><em>&#8212; Se fue por un puesto y dinero, dice Felipe de la Cruz<br>&#8212; Propondr\u00e1n las l\u00edneas de investigaci\u00f3n, adelanta<\/em><\/strong><\/p>\n\n\n\n<p><strong>Javier Trujillo<\/strong><\/p>\n\n\n\n<p><strong>Acapulco, Gro. \u2013 <\/strong>\u00abComo un judas se vendi\u00f3 y traicion\u00f3 a los padres de los 43 normalistas desaparecidos\u00bb, afirm\u00f3 Felipe de la Cruz Sandoval, representante de un segmento de las mam\u00e1 y pap\u00e1s de los desaparecidos.<\/p>\n\n\n\n<p>Al mismo tiempo, dijo que propondr\u00e1n las l\u00edneas de investigaci\u00f3n en relaci\u00f3n al caso de los 43 normalistas de Ayotzinapa desaparecidos, porque tienen informaci\u00f3n relevante del caso.<\/p>\n\n\n\n<p>Critic\u00f3 que el abogado Vidulfo Rosales Sierra, asumi\u00f3 la representaci\u00f3n de los familiares de los 43 estudiantes de Ayotzinapa durante once a\u00f1os, pero al final traicion\u00f3 a todos los familiares.<\/p>\n\n\n\n<p>Mencion\u00f3 que el propio Rosales Sierra fue quien fractur\u00f3 la unidad al interior de los familiares de los 43, lo que provoc\u00f3 la conformaci\u00f3n de tres grupos, uno de los cuales ahora lidera el ex integrante de la CETEG.<\/p>\n\n\n\n<p>\u201cPara m\u00ed en especial, no es raro (la decisi\u00f3n tomada por Vidulfo Rosales Sierra). No es la primera vez, ya antes quiso ser fiscal (General del Estado) en el 2021 en el gobierno de Guerrero, cuando gan\u00f3 MORENA con Evelyn Salgado Pineda y los padres no le permitieron participar.<\/p>\n\n\n\n<p>\u201cHay que recordar que \u00e9l (Vidulfo Rosales Sierra) no es v\u00edctima, es (era) representante legal y hoy se le presenta la oportunidad de mejorar su condici\u00f3n laboral y econ\u00f3mica y pues se va, pero el dolor de los padres ah\u00ed qued\u00f3 donde siempre\u201d, expres\u00f3 De la Cruz Sandoval.<\/p>\n\n\n\n<p>El ex vocero de los 43, record\u00f3 lo ocurrido el 12 de diciembre del 2011, cuando asesinaron a los estudiantes normalistas Jorge Alexis Herrera Pino y Gabriel Echeverr\u00eda de Jes\u00fas en la Autopista del Sol.<\/p>\n\n\n\n<p>\u201cAl final como Vidulfo vio que no hab\u00eda mucho, al final agarr\u00f3 sus canicas y se fue\u201d, dijo Felipe de la Cruz.<\/p>\n\n\n\n<p>Tambi\u00e9n coment\u00f3 que la salida del abogado Rosales Sierra, permitir\u00e1 un reagrupamiento de los padres de los 43 normalistas de Ayotzinapa \u201cya no estar\u00e1 esa manzana de la discordia que dividi\u00f3 al grupo\u201d.<\/p>\n\n\n\n<p>En relaci\u00f3n a la presunta implicaci\u00f3n del ex candidato del PT-PVEM al gobierno del estado de Guerrero, Pedro Segura Valladares, coment\u00f3 que siempre hubo acercamiento con los padres de familia.<\/p>\n\n\n\n<p>Sobre ese acercamiento, coment\u00f3 que ahora sus propuestas estar\u00e1n enfocadas en sugerir las l\u00edneas de investigaci\u00f3n, porque tenemos informaci\u00f3n, pues la verdad siempre llega por sobre la mentira.<\/p>\n\n\n\n<p>\u201cEs respetable la situaci\u00f3n de Pedro Segura Valladares, no podemos opinar de fondo, pero la justicia llega\u201d, finaliz\u00f3 la entrevista telef\u00f3nica.<\/p>\n","protected":false},"excerpt":{"rendered":"<p>&#8212; Se fue por un puesto y dinero, dice Felipe de la Cruz&#8212; Propondr\u00e1n las l\u00edneas de investigaci\u00f3n, adelanta Javier Trujillo Acapulco, Gro. \u2013 \u00abComo un judas se vendi\u00f3 y&hellip; <\/p>\n","protected":false},"author":3,"featured_media":94279,"comment_status":"open","ping_status":"open","sticky":false,"template":"","format":"standard","meta":{"fifu_image_url":"https:\/\/www.interaccionnoticias.com.mx\/wp-content\/uploads\/2025\/08\/250821-Felipe-de-la-Cruz-que-Vidulfo-Rosales.jpg","fifu_image_alt":"","footnotes":""},"categories":[15],"tags":[],"class_list":["post-94276","post","type-post","status-publish","format-standard","has-post-thumbnail","hentry","category-movimientos-sociales"],"_links":{"self":[{"href":"https:\/\/www.interaccionnoticias.com.mx\/index.php?rest_route=\/wp\/v2\/posts\/94276","targetHints":{"allow":["GET"]}}],"collection":[{"href":"https:\/\/www.interaccionnoticias.com.mx\/index.php?rest_route=\/wp\/v2\/posts"}],"about":[{"href":"https:\/\/www.interaccionnoticias.com.mx\/index.php?rest_route=\/wp\/v2\/types\/post"}],"author":[{"embeddable":true,"href":"https:\/\/www.interaccionnoticias.com.mx\/index.php?rest_route=\/wp\/v2\/users\/3"}],"replies":[{"embeddable":true,"href":"https:\/\/www.interaccionnoticias.com.mx\/index.php?rest_route=%2Fwp%2Fv2%2Fcomments&post=94276"}],"version-history":[{"count":1,"href":"https:\/\/www.interaccionnoticias.com.mx\/index.php?rest_route=\/wp\/v2\/posts\/94276\/revisions"}],"predecessor-version":[{"id":94278,"href":"https:\/\/www.interaccionnoticias.com.mx\/index.php?rest_route=\/wp\/v2\/posts\/94276\/revisions\/94278"}],"wp:featuredmedia":[{"embeddable":true,"href":"https:\/\/www.interaccionnoticias.com.mx\/index.php?rest_route=\/wp\/v2\/media\/94279"}],"wp:attachment":[{"href":"https:\/\/www.interaccionnoticias.com.mx\/index.php?rest_route=%2Fwp%2Fv2%2Fmedia&parent=94276"}],"wp:term":[{"taxonomy":"category","embeddable":true,"href":"https:\/\/www.interaccionnoticias.com.mx\/index.php?rest_route=%2Fwp%2Fv2%2Fcategories&post=94276"},{"taxonomy":"post_tag","embeddable":true,"href":"https:\/\/www.interaccionnoticias.com.mx\/index.php?rest_route=%2Fwp%2Fv2%2Ftags&post=94276"}],"curies":[{"name":"wp","href":"https:\/\/api.w.org\/{rel}","templated":true}]}}