{"id":94271,"date":"2025-08-21T16:13:00","date_gmt":"2025-08-21T22:13:00","guid":{"rendered":"https:\/\/www.interaccionnoticias.com.mx\/?p=94271"},"modified":"2025-08-21T23:30:23","modified_gmt":"2025-08-22T05:30:23","slug":"el-rector-javier-saldana-atiende-conflicto-en-la-facom","status":"publish","type":"post","link":"https:\/\/www.interaccionnoticias.com.mx\/?p=94271","title":{"rendered":"El rector Javier Salda\u00f1a atiende conflicto en la FACOM"},"content":{"rendered":"\n<p><strong><em>&#8212; Piden el cambio del director<\/em><\/strong><\/p>\n\n\n\n<p><strong>Rosario Garc\u00eda Orozco<\/strong><\/p>\n\n\n\n<p>El rector Javier Salda\u00f1a Almaz\u00e1n se reuni\u00f3 con trabajadores de la Facultad de Ciencias de la Comunicaci\u00f3n (FACOM) de la Universidad Aut\u00f3noma de Guerrero (Uagro), para atender diversas demandas laborales, inform\u00f3 el abogado de la M\u00e1xima Casa de Estudios, Jos\u00e9 Guillermo Gir\u00f3n Catal\u00e1n.<\/p>\n\n\n\n<p>Entre las demandas de los trabajadores universitarios se encuentra la remoci\u00f3n del director, Miguel \u00c1ngel Carrada Vega, y el respecto el abogado de la Uagro dijo que \u201cse est\u00e1 dialogando sobre ese ajuste\u201d.<\/p>\n\n\n\n<p>Hace algunas semanas, el propio rector Javier Salda\u00f1a advirti\u00f3 que habr\u00eda cambios en las unidades acad\u00e9micas donde no se actualizaran los programas educativos y mencion\u00f3 de manera puntual los casos de la FACOM y Enfermer\u00eda 1, ambas con cede en Chilpancingo.<\/p>\n\n\n\n<p>Guillermo Gir\u00f3n coment\u00f3 que otros temas que se abordaron en el encuentro entre el rector y los maestros y administrativos de la FACOM tienen que ver con mejoras en su situaci\u00f3n laboral, requerimiento constante en distintas unidades acad\u00e9micas.<\/p>\n\n\n\n<p>De manera enf\u00e1tica el funcionario universitario mencion\u00f3 que en el encuentro con los trabajadores de la FACOM no tiene que ver con temas de pol\u00edtica universitaria, sino de mejoramiento acad\u00e9mico y laboral.<\/p>\n\n\n\n<p>Apunt\u00f3 que por normativa de nivel superior a nivel nacional, todas las universidades se tienen que actualizar, para seguir siendo una opci\u00f3n para las juventudes.<\/p>\n\n\n\n<p>A trav\u00e9s de sus redes sociales, la Uagro y el propio rector han informado que hay a\u00fan dos mil 400 espacios para inscribirse en 51 unidades acad\u00e9micas para continuar sus estudios, y debido a que hay muchos espacios a\u00fan se ampl\u00ed\u00f3 una semana m\u00e1s el periodo de inscripciones.<\/p>\n\n\n\n<figure class=\"wp-block-gallery has-nested-images columns-default is-cropped wp-block-gallery-1 is-layout-flex wp-block-gallery-is-layout-flex\">\n<figure class=\"wp-block-image size-large\"><img decoding=\"async\" src=\"data:image\/gif;base64,R0lGODlhAQABAIAAAAAAAP\/\/\/ywAAAAAAQABAAACAUwAOw==\" fifu-lazy=\"1\" fifu-data-sizes=\"auto\" fifu-data-srcset=\"https:\/\/i3.wp.com\/www.interaccionnoticias.com.mx\/wp-content\/uploads\/2025\/08\/250821-FACOM-1024x683.jpg?ssl=1&w=75&resize=75&ssl=1 75w, https:\/\/i3.wp.com\/www.interaccionnoticias.com.mx\/wp-content\/uploads\/2025\/08\/250821-FACOM-1024x683.jpg?ssl=1&w=100&resize=100&ssl=1 100w, https:\/\/i3.wp.com\/www.interaccionnoticias.com.mx\/wp-content\/uploads\/2025\/08\/250821-FACOM-1024x683.jpg?ssl=1&w=150&resize=150&ssl=1 150w, https:\/\/i3.wp.com\/www.interaccionnoticias.com.mx\/wp-content\/uploads\/2025\/08\/250821-FACOM-1024x683.jpg?ssl=1&w=240&resize=240&ssl=1 240w, https:\/\/i3.wp.com\/www.interaccionnoticias.com.mx\/wp-content\/uploads\/2025\/08\/250821-FACOM-1024x683.jpg?ssl=1&w=320&resize=320&ssl=1 320w, https:\/\/i3.wp.com\/www.interaccionnoticias.com.mx\/wp-content\/uploads\/2025\/08\/250821-FACOM-1024x683.jpg?ssl=1&w=500&resize=500&ssl=1 500w, https:\/\/i3.wp.com\/www.interaccionnoticias.com.mx\/wp-content\/uploads\/2025\/08\/250821-FACOM-1024x683.jpg?ssl=1&w=640&resize=640&ssl=1 640w, https:\/\/i3.wp.com\/www.interaccionnoticias.com.mx\/wp-content\/uploads\/2025\/08\/250821-FACOM-1024x683.jpg?ssl=1&w=800&resize=800&ssl=1 800w, https:\/\/i3.wp.com\/www.interaccionnoticias.com.mx\/wp-content\/uploads\/2025\/08\/250821-FACOM-1024x683.jpg?ssl=1&w=1024&resize=1024&ssl=1 1024w, https:\/\/i3.wp.com\/www.interaccionnoticias.com.mx\/wp-content\/uploads\/2025\/08\/250821-FACOM-1024x683.jpg?ssl=1&w=1280&resize=1280&ssl=1 1280w, https:\/\/i3.wp.com\/www.interaccionnoticias.com.mx\/wp-content\/uploads\/2025\/08\/250821-FACOM-1024x683.jpg?ssl=1&w=1600&resize=1600&ssl=1 1600w\" data-id=\"94272\" fifu-data-src=\"https:\/\/i3.wp.com\/www.interaccionnoticias.com.mx\/wp-content\/uploads\/2025\/08\/250821-FACOM-1024x683.jpg?ssl=1\" alt=\"\" class=\"wp-image-94272\"\/><\/figure>\n\n\n\n<figure class=\"wp-block-image size-large\"><img decoding=\"async\" src=\"data:image\/gif;base64,R0lGODlhAQABAIAAAAAAAP\/\/\/ywAAAAAAQABAAACAUwAOw==\" fifu-lazy=\"1\" fifu-data-sizes=\"auto\" fifu-data-srcset=\"https:\/\/i0.wp.com\/www.interaccionnoticias.com.mx\/wp-content\/uploads\/2025\/08\/250821-Jose-Guillermo-Giron-Catalan-1024x683.jpg?ssl=1&w=75&resize=75&ssl=1 75w, https:\/\/i0.wp.com\/www.interaccionnoticias.com.mx\/wp-content\/uploads\/2025\/08\/250821-Jose-Guillermo-Giron-Catalan-1024x683.jpg?ssl=1&w=100&resize=100&ssl=1 100w, https:\/\/i0.wp.com\/www.interaccionnoticias.com.mx\/wp-content\/uploads\/2025\/08\/250821-Jose-Guillermo-Giron-Catalan-1024x683.jpg?ssl=1&w=150&resize=150&ssl=1 150w, https:\/\/i0.wp.com\/www.interaccionnoticias.com.mx\/wp-content\/uploads\/2025\/08\/250821-Jose-Guillermo-Giron-Catalan-1024x683.jpg?ssl=1&w=240&resize=240&ssl=1 240w, https:\/\/i0.wp.com\/www.interaccionnoticias.com.mx\/wp-content\/uploads\/2025\/08\/250821-Jose-Guillermo-Giron-Catalan-1024x683.jpg?ssl=1&w=320&resize=320&ssl=1 320w, https:\/\/i0.wp.com\/www.interaccionnoticias.com.mx\/wp-content\/uploads\/2025\/08\/250821-Jose-Guillermo-Giron-Catalan-1024x683.jpg?ssl=1&w=500&resize=500&ssl=1 500w, https:\/\/i0.wp.com\/www.interaccionnoticias.com.mx\/wp-content\/uploads\/2025\/08\/250821-Jose-Guillermo-Giron-Catalan-1024x683.jpg?ssl=1&w=640&resize=640&ssl=1 640w, https:\/\/i0.wp.com\/www.interaccionnoticias.com.mx\/wp-content\/uploads\/2025\/08\/250821-Jose-Guillermo-Giron-Catalan-1024x683.jpg?ssl=1&w=800&resize=800&ssl=1 800w, https:\/\/i0.wp.com\/www.interaccionnoticias.com.mx\/wp-content\/uploads\/2025\/08\/250821-Jose-Guillermo-Giron-Catalan-1024x683.jpg?ssl=1&w=1024&resize=1024&ssl=1 1024w, https:\/\/i0.wp.com\/www.interaccionnoticias.com.mx\/wp-content\/uploads\/2025\/08\/250821-Jose-Guillermo-Giron-Catalan-1024x683.jpg?ssl=1&w=1280&resize=1280&ssl=1 1280w, https:\/\/i0.wp.com\/www.interaccionnoticias.com.mx\/wp-content\/uploads\/2025\/08\/250821-Jose-Guillermo-Giron-Catalan-1024x683.jpg?ssl=1&w=1600&resize=1600&ssl=1 1600w\" data-id=\"94273\" fifu-data-src=\"https:\/\/i0.wp.com\/www.interaccionnoticias.com.mx\/wp-content\/uploads\/2025\/08\/250821-Jose-Guillermo-Giron-Catalan-1024x683.jpg?ssl=1\" alt=\"\" class=\"wp-image-94273\"\/><\/figure>\n<\/figure>\n","protected":false},"excerpt":{"rendered":"<p>&#8212; Piden el cambio del director Rosario Garc\u00eda Orozco El rector Javier Salda\u00f1a Almaz\u00e1n se reuni\u00f3 con trabajadores de la Facultad de Ciencias de la Comunicaci\u00f3n (FACOM) de la Universidad&hellip; <\/p>\n","protected":false},"author":19,"featured_media":94275,"comment_status":"open","ping_status":"open","sticky":false,"template":"","format":"standard","meta":{"fifu_image_url":"https:\/\/www.interaccionnoticias.com.mx\/wp-content\/uploads\/2025\/08\/250821-Jose-Guillermo-Giron-Catalan.jpg","fifu_image_alt":"","footnotes":""},"categories":[30],"tags":[],"class_list":["post-94271","post","type-post","status-publish","format-standard","has-post-thumbnail","hentry","category-universidad"],"_links":{"self":[{"href":"https:\/\/www.interaccionnoticias.com.mx\/index.php?rest_route=\/wp\/v2\/posts\/94271","targetHints":{"allow":["GET"]}}],"collection":[{"href":"https:\/\/www.interaccionnoticias.com.mx\/index.php?rest_route=\/wp\/v2\/posts"}],"about":[{"href":"https:\/\/www.interaccionnoticias.com.mx\/index.php?rest_route=\/wp\/v2\/types\/post"}],"author":[{"embeddable":true,"href":"https:\/\/www.interaccionnoticias.com.mx\/index.php?rest_route=\/wp\/v2\/users\/19"}],"replies":[{"embeddable":true,"href":"https:\/\/www.interaccionnoticias.com.mx\/index.php?rest_route=%2Fwp%2Fv2%2Fcomments&post=94271"}],"version-history":[{"count":1,"href":"https:\/\/www.interaccionnoticias.com.mx\/index.php?rest_route=\/wp\/v2\/posts\/94271\/revisions"}],"predecessor-version":[{"id":94274,"href":"https:\/\/www.interaccionnoticias.com.mx\/index.php?rest_route=\/wp\/v2\/posts\/94271\/revisions\/94274"}],"wp:featuredmedia":[{"embeddable":true,"href":"https:\/\/www.interaccionnoticias.com.mx\/index.php?rest_route=\/wp\/v2\/media\/94275"}],"wp:attachment":[{"href":"https:\/\/www.interaccionnoticias.com.mx\/index.php?rest_route=%2Fwp%2Fv2%2Fmedia&parent=94271"}],"wp:term":[{"taxonomy":"category","embeddable":true,"href":"https:\/\/www.interaccionnoticias.com.mx\/index.php?rest_route=%2Fwp%2Fv2%2Fcategories&post=94271"},{"taxonomy":"post_tag","embeddable":true,"href":"https:\/\/www.interaccionnoticias.com.mx\/index.php?rest_route=%2Fwp%2Fv2%2Ftags&post=94271"}],"curies":[{"name":"wp","href":"https:\/\/api.w.org\/{rel}","templated":true}]}}