{"id":9427,"date":"2017-10-21T17:35:01","date_gmt":"2017-10-21T22:35:01","guid":{"rendered":"http:\/\/www.inter-accion.com.mx\/?p=9427"},"modified":"2017-10-21T17:35:01","modified_gmt":"2017-10-21T22:35:01","slug":"rios-piter-no-fui-gobernador-porque-me-propusieron-pactar-con-lo-que-causaba-dano-a-guerrero","status":"publish","type":"post","link":"https:\/\/www.interaccionnoticias.com.mx\/?p=9427","title":{"rendered":"R\u00edos Piter: No fui gobernador porque me propusieron pactar con lo que causaba da\u00f1o a Guerrero"},"content":{"rendered":"<p><strong>Ahora busca la candidatura presidencial<\/strong><br \/>\nEl aspirante a candidato presidencial &nbsp;por la v\u00eda independiente, Armando R\u00edos Piter, revel\u00f3 que hace tres a\u00f1os no acept\u00f3 contender por la gubernatura de Guerrero porque le propusieron pactar con \u201clo que estaba causando da\u00f1o a Guerrero\u201d, en referencia a la delincuencia organizada.<br \/>\nCuatro d\u00edas despu\u00e9s del periodo oficial marcado por el Instituto Nacional Electoral (INE), R\u00edos Piter arranc\u00f3 este viernes con el proceso de recolecci\u00f3n de firmas para obtener un espacio en la boleta de candidatos a presidente de la rep\u00fablica, &nbsp;en el municipio de Tecpan, de donde es originario.<br \/>\nDurante su discurso asegur\u00f3 que la poblaci\u00f3n no est\u00e1 contenta con los resultados de gobierno sustentados en los partidos pol\u00edticos, por lo que la v\u00eda independiente es la ruta que tienen que seguir para \u201ccambiar las cosas\u201d, sobre todo en materia de seguridad p\u00fablica, educaci\u00f3n y empleo.<br \/>\nRevel\u00f3 que hace tres a\u00f1os, cuando era uno de los nombres m\u00e1s sonados para gobernar Guerrero, decidi\u00f3 declinar porque desde \u201clos partidos pol\u00edticos\u201d, que no especific\u00f3 cual, aunque \u00e9l pertenec\u00eda al PRD, le ofrecieron pactar con quienes le estaban causando da\u00f1o al estado.<br \/>\n\u201cHace 3 a\u00f1os muchos de ustedes me llevaron a poder ser candidato a gobernador, muchos de ustedes me llevaron a las puertas de Chilpancingo &nbsp;para que gan\u00e1ramos la gubernatura, despu\u00e9s de muchos a\u00f1os de trabajo habr\u00edamos llegado a estar hasta arriba para ganar la gubernatura. Qu\u00e9 fue lo que nos propusieron los partidos pol\u00edticos: pactar con lo que estaba causando da\u00f1o a Guerrero, muchos me preguntaron por qu\u00e9 &nbsp;decidiste renunciar a ser gobernador, hoy se los digo: porque no merec\u00edamos ese tipo de realidad\u201d, indic\u00f3.<br \/>\nEl aspirante presidencial coment\u00f3 que \u201cno se vale negociar el poder por el poder porque eso viene a manchar el alma\u201d, por lo que ahora decidi\u00f3 postularse como &nbsp;independiente buscando un camino diferente al de los partidos pol\u00edticos.<br \/>\n\u201cQueremos mejor educaci\u00f3n, mejor ense\u00f1anza &nbsp;para nuestro ni\u00f1os, que los mangueros puedan vender su producto sin que les pidiendo cuota o cobrando piso, que los &nbsp;comerciantes puedan producir &nbsp;y seguir haciendo negocios sin que anden teniendo que ver a los malandrines que llegan a amenazarlos, ese es el M\u00e9xico que queremos, y ese M\u00e9xico que queremos no se consigue pactando con los mismos de siempre\u201d, coment\u00f3.<br \/>\nConsider\u00f3 que los partidos pol\u00edticos ya no est\u00e1n funcionando a la sociedad, y por el contrario, se han convertido \u201cen el mismo problema\u201d, &nbsp;raz\u00f3n por la que no cambia la situaci\u00f3n de los municipios aunque haya alternancia de partidos en los proceso electorales.<br \/>\nR\u00edos Piter, quien es Senador independiente, indic\u00f3 que decidi\u00f3 arrancar su campa\u00f1a de recolecci\u00f3n de firmas en Tecpan porque \u201cel ombligo de nuestro proyecto siempre ha estado en Costa Grande\u201d, desde donde hizo un llamado a la poblaci\u00f3n para que le ayuden a conseguir un mill\u00f3n de firmas que lo posicionar\u00edan como candidato independiente a la presidencia, aunque el INE \u00fanicamente pide, en el caso de aspirantes presidenciales, 866 mil 593 firmas.<br \/>\nR\u00edos Piter forma parte de los 48 aspirantes a candidato presidencial por la v\u00eda independiente que valid\u00f3 el INE, quienes tienen hasta el pr\u00f3ximo 12 de febrero para cumplir con el requisito m\u00ednimo de firmas que exige el \u00f3rgano electoral.<\/p>\n","protected":false},"excerpt":{"rendered":"<p>Ahora busca la candidatura presidencial El aspirante a candidato presidencial &nbsp;por la v\u00eda independiente, Armando R\u00edos Piter, revel\u00f3 que hace tres a\u00f1os no acept\u00f3 contender por la gubernatura de Guerrero&hellip; <\/p>\n","protected":false},"author":1,"featured_media":0,"comment_status":"closed","ping_status":"closed","sticky":false,"template":"","format":"standard","meta":{"fifu_image_url":"","fifu_image_alt":"","footnotes":""},"categories":[8,23],"tags":[],"class_list":["post-9427","post","type-post","status-publish","format-standard","hentry","category-featured","category-regionales"],"_links":{"self":[{"href":"https:\/\/www.interaccionnoticias.com.mx\/index.php?rest_route=\/wp\/v2\/posts\/9427","targetHints":{"allow":["GET"]}}],"collection":[{"href":"https:\/\/www.interaccionnoticias.com.mx\/index.php?rest_route=\/wp\/v2\/posts"}],"about":[{"href":"https:\/\/www.interaccionnoticias.com.mx\/index.php?rest_route=\/wp\/v2\/types\/post"}],"author":[{"embeddable":true,"href":"https:\/\/www.interaccionnoticias.com.mx\/index.php?rest_route=\/wp\/v2\/users\/1"}],"replies":[{"embeddable":true,"href":"https:\/\/www.interaccionnoticias.com.mx\/index.php?rest_route=%2Fwp%2Fv2%2Fcomments&post=9427"}],"version-history":[{"count":0,"href":"https:\/\/www.interaccionnoticias.com.mx\/index.php?rest_route=\/wp\/v2\/posts\/9427\/revisions"}],"wp:attachment":[{"href":"https:\/\/www.interaccionnoticias.com.mx\/index.php?rest_route=%2Fwp%2Fv2%2Fmedia&parent=9427"}],"wp:term":[{"taxonomy":"category","embeddable":true,"href":"https:\/\/www.interaccionnoticias.com.mx\/index.php?rest_route=%2Fwp%2Fv2%2Fcategories&post=9427"},{"taxonomy":"post_tag","embeddable":true,"href":"https:\/\/www.interaccionnoticias.com.mx\/index.php?rest_route=%2Fwp%2Fv2%2Ftags&post=9427"}],"curies":[{"name":"wp","href":"https:\/\/api.w.org\/{rel}","templated":true}]}}