{"id":94256,"date":"2025-08-21T15:43:42","date_gmt":"2025-08-21T21:43:42","guid":{"rendered":"https:\/\/www.interaccionnoticias.com.mx\/?p=94256"},"modified":"2025-08-21T15:43:43","modified_gmt":"2025-08-21T21:43:43","slug":"denuncian-detencion-irregular-de-jose-molina-hermano-de-activista-de-la-crac-en-chilpancingo","status":"publish","type":"post","link":"https:\/\/www.interaccionnoticias.com.mx\/?p=94256","title":{"rendered":"Denuncian detenci\u00f3n irregular de Jos\u00e9 Molina, hermano de activista de la CRAC, en Chilpancingo"},"content":{"rendered":"\n<p><em><strong>Jos\u00e9 Molina fue aprehendido alrededor de las 10 de la noche del mi\u00e9rcoles sin orden judicial y sin que se notificara oficialmente el motivo de la detenci\u00f3n<\/strong><\/em><\/p>\n\n\n\n<p><strong>SNI<\/strong><\/p>\n\n\n\n<p><strong>Chilpancingo, Gro. \u2014 <\/strong>Familiares de Jos\u00e9 Molina Gonz\u00e1lez, hermano del promotor de la Coordinadora Regional de Autoridades Comunitarias (CRAC), Gonzalo Molina, denunciaron que fue detenido de manera irregular en la Ciudad de M\u00e9xico y trasladado durante la madrugada de este jueves al Centro de Reinserci\u00f3n Social (Cereso) de Chilpancingo, sin que hasta el momento existan cargos claros en su contra.<\/p>\n\n\n\n<p>De acuerdo con el testimonio de sus familiares, Jos\u00e9 Molina fue aprehendido alrededor de las 10 de la noche del mi\u00e9rcoles sin orden judicial y sin que se notificara oficialmente el motivo de la detenci\u00f3n. Se\u00f1alaron que a las cinco de la ma\u00f1ana de este jueves fue ingresado al penal de Chilpancingo, donde permanece incomunicado y sin informaci\u00f3n sobre su estado de salud.<\/p>\n\n\n\n<p>Durante una conferencia de prensa afuera del Cereso, Gonzalo Molina intervino v\u00eda telef\u00f3nica y asegur\u00f3 que, tras entrevistarse con la juez de control de Tixtla, se le confirm\u00f3 que su hermano no ha sido puesto a disposici\u00f3n, pese a que legalmente debi\u00f3 hacerse. A\u00f1adi\u00f3 que la supuesta carpeta de investigaci\u00f3n que exist\u00eda en su contra ya prescribi\u00f3, por lo que calific\u00f3 el reclusorio como c\u00f3mplice de un \u201csecuestro\u201d.<\/p>\n\n\n\n<p>Por su parte, el abogado del Centro de Derechos Humanos de la Monta\u00f1a Tlachinollan, Liborio Rosales Sierra, se\u00f1al\u00f3 que se violentaron los derechos procesales de Jos\u00e9 Molina, pues en caso de existir cargos, deb\u00eda ser presentado en Tixtla y no en Chilpancingo. Subray\u00f3 que esta irregularidad mantiene en incertidumbre a la familia y a la defensa legal.<\/p>\n","protected":false},"excerpt":{"rendered":"<p>Jos\u00e9 Molina fue aprehendido alrededor de las 10 de la noche del mi\u00e9rcoles sin orden judicial y sin que se notificara oficialmente el motivo de la detenci\u00f3n SNI Chilpancingo, Gro.&hellip; <\/p>\n","protected":false},"author":2,"featured_media":94259,"comment_status":"open","ping_status":"open","sticky":false,"template":"","format":"standard","meta":{"fifu_image_url":"https:\/\/www.interaccionnoticias.com.mx\/wp-content\/uploads\/2025\/08\/250821-Jose-Molina-Gonzalez.jpg","fifu_image_alt":"","footnotes":""},"categories":[15],"tags":[],"class_list":["post-94256","post","type-post","status-publish","format-standard","has-post-thumbnail","hentry","category-movimientos-sociales"],"_links":{"self":[{"href":"https:\/\/www.interaccionnoticias.com.mx\/index.php?rest_route=\/wp\/v2\/posts\/94256","targetHints":{"allow":["GET"]}}],"collection":[{"href":"https:\/\/www.interaccionnoticias.com.mx\/index.php?rest_route=\/wp\/v2\/posts"}],"about":[{"href":"https:\/\/www.interaccionnoticias.com.mx\/index.php?rest_route=\/wp\/v2\/types\/post"}],"author":[{"embeddable":true,"href":"https:\/\/www.interaccionnoticias.com.mx\/index.php?rest_route=\/wp\/v2\/users\/2"}],"replies":[{"embeddable":true,"href":"https:\/\/www.interaccionnoticias.com.mx\/index.php?rest_route=%2Fwp%2Fv2%2Fcomments&post=94256"}],"version-history":[{"count":1,"href":"https:\/\/www.interaccionnoticias.com.mx\/index.php?rest_route=\/wp\/v2\/posts\/94256\/revisions"}],"predecessor-version":[{"id":94258,"href":"https:\/\/www.interaccionnoticias.com.mx\/index.php?rest_route=\/wp\/v2\/posts\/94256\/revisions\/94258"}],"wp:featuredmedia":[{"embeddable":true,"href":"https:\/\/www.interaccionnoticias.com.mx\/index.php?rest_route=\/wp\/v2\/media\/94259"}],"wp:attachment":[{"href":"https:\/\/www.interaccionnoticias.com.mx\/index.php?rest_route=%2Fwp%2Fv2%2Fmedia&parent=94256"}],"wp:term":[{"taxonomy":"category","embeddable":true,"href":"https:\/\/www.interaccionnoticias.com.mx\/index.php?rest_route=%2Fwp%2Fv2%2Fcategories&post=94256"},{"taxonomy":"post_tag","embeddable":true,"href":"https:\/\/www.interaccionnoticias.com.mx\/index.php?rest_route=%2Fwp%2Fv2%2Ftags&post=94256"}],"curies":[{"name":"wp","href":"https:\/\/api.w.org\/{rel}","templated":true}]}}