{"id":94237,"date":"2025-08-21T10:14:16","date_gmt":"2025-08-21T16:14:16","guid":{"rendered":"https:\/\/www.interaccionnoticias.com.mx\/?p=94237"},"modified":"2025-08-21T10:52:13","modified_gmt":"2025-08-21T16:52:13","slug":"renuncia-el-abogado-de-los-padres-de-los-43","status":"publish","type":"post","link":"https:\/\/www.interaccionnoticias.com.mx\/?p=94237","title":{"rendered":"Renuncia el abogado de los padres de los 43"},"content":{"rendered":"\n<p><strong><em>&#8212; Vidulfo Rosales Sierra confirma su separaci\u00f3n de Tlachinollan y de la representaci\u00f3n legal de las madres y padres agraviadas por el caso Iguala<br>&#8212; Durante 24 a\u00f1os represent\u00f3 a luchadores sociales, asesor\u00f3 a la polic\u00eda comunitaria y mantuvo una relaci\u00f3n cercana con las v\u00edctimas del caso Iguala<br>&#8212; En 2012 tuvo que salir del pa\u00eds por amenazas, en 2024 el ex gobernador \u00c1ngel Aguirre Rivero amag\u00f3 con proceder legalmente en su contra<\/em><\/strong><\/p>\n\n\n\n<p><strong>Rogelio Agust\u00edn<\/strong><\/p>\n\n\n\n<p>El abogado Vidulfo Rosales Sierra dio a conocer su determinaci\u00f3n de separarse del Centro de Derechos Humanos de la Monta\u00f1a, Tlachinollan y de la represetaci\u00f3n legal del colectivo Nos Falta 43, integrado por madres y padres de los estudiantes de la Normal Rural de Ayotzinapa, desaparecidos desde el 26 de septiembre de 2014.<\/p>\n\n\n\n<p>La determinaci\u00f3n de Rosales Sierra se dio a conocer a 24 a\u00f1os de pertenencia en el CDHM, cuyo director es el antrop\u00f3logo Abel Barrera Hern\u00e1ndez, pero tambi\u00e9na un mes de que se cumplan 11 a\u00f1os de los ataques perpetrados en Iguala de la Independencia.<\/p>\n\n\n\n<p>Rosales Sierra comparti\u00f3 el texto de su renuncia en un comunicado al que titul\u00f3 \u201cEn otras trincheras de lucha\u201d y que est\u00e1 firmado en la ciudad de Tlapa.<\/p>\n\n\n\n<p>En \u00e9l se se\u00f1ala: \u201cA las organizaciones de Derechos Humanos, a las organizaciones sociales, activistas sociales y a todas las personas que luchan por un mundo m\u00e1s justo.<\/p>\n\n\n\n<p>Con profundo pesar les informo que dejo de colaborar en el Centro de Derechos Humanos de la Monta\u00f1a Tlachinollan\u201d.<\/p>\n\n\n\n<p>Contin\u00faa con un agradecimiento hacia el antrop\u00f3logo Abel Barrera Hern\u00e1ndez, \u201cpor permitirle defender a los que menos tienen y por caminar al lado de nuestros pueblos a lo largo de veinticuatro a\u00f1os\u201d.<\/p>\n\n\n\n<p>Indic\u00f3: \u201cTlachinollan es la casa que me alberg\u00f3 y forj\u00f3 como defensor y abogado\u201d.<\/p>\n\n\n\n<p>Record\u00f3 que entre los casos que le fueron asignads estuvo el relacionado con la desaparici\u00f3n de dirigentes sociales como Ra\u00fal Lucas Luc\u00eda y Manuel Ponce Rosas, Arnulfo Cer\u00f3n Soriano y Vicente Iv\u00e1n Su\u00e1stegui Mu\u00f1oz.<\/p>\n\n\n\n<p>Record\u00f3: \u201cTimbran en mi o\u00eddo las palabras de Abel Barrera dici\u00e9ndome que habr\u00eda que ir a ver a los estudiantes de Ayotzinapa asesinados en la autopista del sol en Chilpancingo, o aquella madrugada del 27 de septiembre indic\u00e1ndome que me ten\u00eda que trasladar a Iguala por la desaparici\u00f3n de los 43 estudiantes, o la reciente llamada inform\u00e1ndome que hab\u00edan herido de muerte al defensor del agua Marco Antonio Su\u00e1stegui Mu\u00f1oz\u201d.<\/p>\n\n\n\n<p>Relata en su escrito que esos hechos ominosos en su omento lo cimbraron, pero tambi\u00e9n le dieron templanza paa seguir adelante.<\/p>\n\n\n\n<p>Sostuvo: \u201cSeguimos adelante sorteando las amenazas y presiones de los perpetradores hasta conseguir una porci\u00f3n de justicia. Aunque claro, falta mucho por recorrer, el horizonte a\u00fan es gris y no se vislumbran luces de verdad y justicia en lo inmediato\u201d.<\/p>\n\n\n\n<p>Agradeci\u00f3 las ense\u00f1anzas de la Coordinadora Regional de Autoridades Comunitarias (CRAC-PC), del Consejo de Ejidos y Comunidades Opositores a la presa la Parota (CECOP), a las madres y padres de los 43, as\u00ed como a la normal rural de Ayotzinapa.<\/p>\n\n\n\n<p>Destaca en el comunicado: \u201cMe retiro de la primera l\u00ednea de la lucha social con la frente en alto, con la seguridad de haber puesto un grano de arena en la pelea de nuestros pueblos, desde otras trincheras seguir\u00e9 exigiendo que los derechos humanos sean una realidad, que los pueblos ind\u00edgenas y Afromexicano tengan una vida digna y no seamos tratados como personas de segunda\u201d.<\/p>\n\n\n\n<p>Aunque no menciona desede que espacio estar\u00e1 trabajando, Rosales Sierra ratifica que tiene un<br>compromiso con los pueblos ind\u00edgenas, con las mujeres y hombres que luchan por mejores condiciones de vida.<\/p>\n\n\n\n<p>En esa parte enfatiza: \u201cNo puedo eludir mi deber de clase. Soy de una comunidad ind\u00edgena enclavada en la agreste y encantadora Monta\u00f1a de Guerrero, toda mi vida he caminado a contracorriente por senderos escarpados producto de la miseria y marginaci\u00f3n, por ello tengo la capacidad de sentir las injusticias cometidas contra cualquiera y en cualquier parte\u201d.<\/p>\n\n\n\n<p>En el cierre, plantea seguir en la ruta de los principios adquiridos durante m\u00e1s de 24 a\u00f1os de desempe\u00f1o profesional desplegado desde el CDHM.<\/p>\n\n\n\n<p>Por eso plantea: \u201cContinuaremos el proyecto de vida en la etapa que viene, en el lugar que las circunstancias nos coloquen. No me queda m\u00e1s que agradecer tantas ense\u00f1anzas y decir que desde otra trinchera continuaremos en la lucha por la justicia y por los derechos humanos\u201d.<\/p>\n\n\n\n<p>Vidulfo Rosales Sierra vivi\u00f3 momentos complicados durante el casi cuarto de siglo en que atendi\u00f3 los asuntos asignados por Tlachinollan.<\/p>\n\n\n\n<p>En 2012, al dar seguimiento a las investigaciones relacionadas con el asesinato de los normalistas Alexis Herrera Pino y Gabriel Echeverr\u00eda de Jes\u00fas tuvo que salir del pa\u00eds, ante las amenazas directas en contra de su integridad personal.<\/p>\n\n\n\n<p>En 2024, el ex gobernador \u00c1ngel Aguirre Rivero dijo que proceder\u00eda legalmente en su contra, por declaraciones hechas en el contexto de las investigaciones relacionadas en torno a la imvestigaci\u00f3n del caso Iguala.<\/p>\n","protected":false},"excerpt":{"rendered":"<p>&#8212; Vidulfo Rosales Sierra confirma su separaci\u00f3n de Tlachinollan y de la representaci\u00f3n legal de las madres y padres agraviadas por el caso Iguala&#8212; Durante 24 a\u00f1os represent\u00f3 a luchadores&hellip; <\/p>\n","protected":false},"author":21,"featured_media":94241,"comment_status":"open","ping_status":"open","sticky":false,"template":"","format":"standard","meta":{"fifu_image_url":"https:\/\/www.interaccionnoticias.com.mx\/wp-content\/uploads\/2025\/08\/250821-Vidulfo-Rosales.jpg","fifu_image_alt":"","footnotes":""},"categories":[11],"tags":[],"class_list":["post-94237","post","type-post","status-publish","format-standard","has-post-thumbnail","hentry","category-guerrero"],"_links":{"self":[{"href":"https:\/\/www.interaccionnoticias.com.mx\/index.php?rest_route=\/wp\/v2\/posts\/94237","targetHints":{"allow":["GET"]}}],"collection":[{"href":"https:\/\/www.interaccionnoticias.com.mx\/index.php?rest_route=\/wp\/v2\/posts"}],"about":[{"href":"https:\/\/www.interaccionnoticias.com.mx\/index.php?rest_route=\/wp\/v2\/types\/post"}],"author":[{"embeddable":true,"href":"https:\/\/www.interaccionnoticias.com.mx\/index.php?rest_route=\/wp\/v2\/users\/21"}],"replies":[{"embeddable":true,"href":"https:\/\/www.interaccionnoticias.com.mx\/index.php?rest_route=%2Fwp%2Fv2%2Fcomments&post=94237"}],"version-history":[{"count":1,"href":"https:\/\/www.interaccionnoticias.com.mx\/index.php?rest_route=\/wp\/v2\/posts\/94237\/revisions"}],"predecessor-version":[{"id":94239,"href":"https:\/\/www.interaccionnoticias.com.mx\/index.php?rest_route=\/wp\/v2\/posts\/94237\/revisions\/94239"}],"wp:featuredmedia":[{"embeddable":true,"href":"https:\/\/www.interaccionnoticias.com.mx\/index.php?rest_route=\/wp\/v2\/media\/94241"}],"wp:attachment":[{"href":"https:\/\/www.interaccionnoticias.com.mx\/index.php?rest_route=%2Fwp%2Fv2%2Fmedia&parent=94237"}],"wp:term":[{"taxonomy":"category","embeddable":true,"href":"https:\/\/www.interaccionnoticias.com.mx\/index.php?rest_route=%2Fwp%2Fv2%2Fcategories&post=94237"},{"taxonomy":"post_tag","embeddable":true,"href":"https:\/\/www.interaccionnoticias.com.mx\/index.php?rest_route=%2Fwp%2Fv2%2Ftags&post=94237"}],"curies":[{"name":"wp","href":"https:\/\/api.w.org\/{rel}","templated":true}]}}