{"id":94223,"date":"2025-08-20T19:32:00","date_gmt":"2025-08-21T01:32:00","guid":{"rendered":"https:\/\/www.interaccionnoticias.com.mx\/?p=94223"},"modified":"2025-08-20T20:52:40","modified_gmt":"2025-08-21T02:52:40","slug":"una-simulacion-dice-el-pri-guerrero-respecto-a-la-consulta-sobre-la-reforma-electoral","status":"publish","type":"post","link":"https:\/\/www.interaccionnoticias.com.mx\/?p=94223","title":{"rendered":"\u201cUna simulaci\u00f3n\u201d, dice el PRI-Guerrero respecto a la consulta sobre la reforma electoral"},"content":{"rendered":"\n<p><em><strong>&#8212; Alejandro Bravo Abarca anticipa que en Guerrero no pasar\u00e1<br>&#8212; Se\u00f1ala que hasta el momento no existe una convocatoria real, pero adem\u00e1s, hay malos antecedentes en otras ya realizadas<br>&#8212; El dirigente asegura que en 2027, el tricolor dar\u00e1 una competencia real<\/strong><\/em><\/p>\n\n\n\n<p><strong>Rogelio Agust\u00edn<\/strong><\/p>\n\n\n\n<p>El dirigente estatal de PRI, Alejandro Bravo Abarca calific\u00f3 como una simulaci\u00f3n a la consulta anunciada por el Gobierno de la Rep\u00fablica para concretar la reforma electoral, tambi\u00e9n anticip\u00f3 que en Guerrero habr\u00e1 una competencia real en los comicios de 2027.<\/p>\n\n\n\n<p>Al t\u00e9rmino de la sesi\u00f3n que este mi\u00e9rcoles sostuvo la Comisi\u00f3n Permanente del Congreso local, Bravo Abarca sostuvo que hasta el momento, lo que se pecibe es que no existe una convocatoria real y responsable para discutir la reforma electoral.<\/p>\n\n\n\n<p>Indic\u00f3 que los integarantes de la comisi\u00f3n especial, encabezada por Pablo G\u00f3mez \u00c1lvarez, hasta el momento no han emitido ninguna oficialmente, al menos el PRI no ha sido convocado al an\u00e1lisis de la misma.<\/p>\n\n\n\n<p>Indic\u00f3 que por lo que se puede apreciar, dicha comisi\u00f3n optar\u00e1 por un manejo unilateral de los trabajos.<\/p>\n\n\n\n<p>En consecuencia, anticip\u00f3 que el PRI no apoyar\u00e1 la reforma tal cual la est\u00e1n proponiendo o anunciando, pues el objetivo que busca es la sumisi\u00f3n de los partidos pol\u00edticos al qu actualmente se encuentra en el poder.<\/p>\n\n\n\n<p>\u201cQuienes encabezan esa reforma no han hecho ninguna convocatoria de consulta verdadera, nos preocupa porque esta reforma va muy ligada a todas las reformas que ha hecho la Cuarta Transformaci\u00f3n, que es MORENA, que ha reformado la Constituci\u00f3n Pol\u00edtica Mexicana de acuerdo a los intereses de ese partido\u201d, dijo el tambi\u00e9n coordinador del Grupo Parlamentario del tricolor.<\/p>\n\n\n\n<p>Dijo que no se debe perder se vista como procedi\u00f3 MORENA y sus aliados para desapareceron a los \u00f3rganos independientes, lo que propici\u00f3 que ahora haya una evidente falta de transparencia.<\/p>\n\n\n\n<p>Por eso, enfatiz\u00f3 que en el PRI no permitir\u00e1n que lleven al pa\u00eds hacia donde lo est\u00e1n encaminando, que es el autoritarismo.<\/p>\n\n\n\n<p>\u201cNosotros tenemos claro que esta propuesta de reforma es solo una simulaci\u00f3n, porque adem\u00e1s se desconoce su contenido total y real\u201d, insisti\u00f3.<\/p>\n\n\n\n<p>Respecto a la encuesta exhibida el martes 19 de agosto por la dirigente nacional de MORENA, Luisa Mar\u00eda Alcalde, en la que dicho partido aparece con 50 por ciento en la intenci\u00f3n del voto en Guerrero, Bravo Abarca manifest\u00f3 que desconoc\u00eda la contundencia de los datos ah\u00ed presentados.<\/p>\n\n\n\n<p>Sin embargo, neg\u00f3 que el PRI sea una fuerza pol\u00edtica disminuida y anticip\u00f3 que en 2027 van a representar una competencia real, en la que perfilan la recuperaci\u00f3n de espacios importantes.<\/p>\n\n\n\n<p>\u201cSomos la segunda fuerza pol\u00edtica en este estado, pretendemos ser la primera, esa es nuestra aspiraci\u00f3n y para eso estamos trabajando\u201d, anot\u00f3.<\/p>\n","protected":false},"excerpt":{"rendered":"<p>&#8212; Alejandro Bravo Abarca anticipa que en Guerrero no pasar\u00e1&#8212; Se\u00f1ala que hasta el momento no existe una convocatoria real, pero adem\u00e1s, hay malos antecedentes en otras ya realizadas&#8212; El&hellip; <\/p>\n","protected":false},"author":21,"featured_media":94226,"comment_status":"open","ping_status":"open","sticky":false,"template":"","format":"standard","meta":{"fifu_image_url":"https:\/\/www.interaccionnoticias.com.mx\/wp-content\/uploads\/2025\/08\/250820-Alejandro-Bravo-Abarca.jpg","fifu_image_alt":"https:\/\/www.interaccionnoticias.com.mx\/wp-content\/uploads\/2025\/08\/250820-Alejandro-Bravo-Abarca.jpg","footnotes":""},"categories":[2],"tags":[],"class_list":["post-94223","post","type-post","status-publish","format-standard","has-post-thumbnail","hentry","category-congreso"],"_links":{"self":[{"href":"https:\/\/www.interaccionnoticias.com.mx\/index.php?rest_route=\/wp\/v2\/posts\/94223","targetHints":{"allow":["GET"]}}],"collection":[{"href":"https:\/\/www.interaccionnoticias.com.mx\/index.php?rest_route=\/wp\/v2\/posts"}],"about":[{"href":"https:\/\/www.interaccionnoticias.com.mx\/index.php?rest_route=\/wp\/v2\/types\/post"}],"author":[{"embeddable":true,"href":"https:\/\/www.interaccionnoticias.com.mx\/index.php?rest_route=\/wp\/v2\/users\/21"}],"replies":[{"embeddable":true,"href":"https:\/\/www.interaccionnoticias.com.mx\/index.php?rest_route=%2Fwp%2Fv2%2Fcomments&post=94223"}],"version-history":[{"count":1,"href":"https:\/\/www.interaccionnoticias.com.mx\/index.php?rest_route=\/wp\/v2\/posts\/94223\/revisions"}],"predecessor-version":[{"id":94225,"href":"https:\/\/www.interaccionnoticias.com.mx\/index.php?rest_route=\/wp\/v2\/posts\/94223\/revisions\/94225"}],"wp:featuredmedia":[{"embeddable":true,"href":"https:\/\/www.interaccionnoticias.com.mx\/index.php?rest_route=\/wp\/v2\/media\/94226"}],"wp:attachment":[{"href":"https:\/\/www.interaccionnoticias.com.mx\/index.php?rest_route=%2Fwp%2Fv2%2Fmedia&parent=94223"}],"wp:term":[{"taxonomy":"category","embeddable":true,"href":"https:\/\/www.interaccionnoticias.com.mx\/index.php?rest_route=%2Fwp%2Fv2%2Fcategories&post=94223"},{"taxonomy":"post_tag","embeddable":true,"href":"https:\/\/www.interaccionnoticias.com.mx\/index.php?rest_route=%2Fwp%2Fv2%2Ftags&post=94223"}],"curies":[{"name":"wp","href":"https:\/\/api.w.org\/{rel}","templated":true}]}}