{"id":94196,"date":"2025-08-20T10:33:00","date_gmt":"2025-08-20T16:33:00","guid":{"rendered":"https:\/\/www.interaccionnoticias.com.mx\/?p=94196"},"modified":"2025-08-20T14:25:24","modified_gmt":"2025-08-20T20:25:24","slug":"liberan-a-pedro-segura-tras-ser-acusado-por-delincuencia-organizada-y-el-caso-ayotzinapa","status":"publish","type":"post","link":"https:\/\/www.interaccionnoticias.com.mx\/?p=94196","title":{"rendered":"Liberan a Pedro Segura, tras ser acusado por delincuencia organizada y el caso Ayotzinapa"},"content":{"rendered":"\n<p><strong><em>&#8212; FGR no acredit\u00f3 la imputaci\u00f3n<\/em><\/strong><\/p>\n\n\n\n<p><strong>Cristina Serrano \/ Chilpancingo<\/strong><\/p>\n\n\n\n<p>El empresario y ex candidato a gobernador de Guerrero, Pedro Segura Balladares fue liberado tras permanecer una semana en el penal de m\u00e1xima seguridad del Altiplano, luego de que una juez federal resolvi\u00f3 que la Fiscal\u00eda General de la Rep\u00fablica (FGR) no logr\u00f3 acreditar su supuesta pertenencia al grupo delictivo Guerreros Unidos ni su relaci\u00f3n con la desaparici\u00f3n de los 43 estudiantes de Ayotzinapa.<\/p>\n\n\n\n<p>La resoluci\u00f3n fue emitida por Raquel Duarte Cedillo, juez segundo de Distrito en Materia Penal en Toluca, y representa un rev\u00e9s para la Unidad Especial de Investigaci\u00f3n y Litigaci\u00f3n del Caso Ayotzinapa (UEILCA), instancia que el mes pasado cambi\u00f3 de titular con la llegada de Mauricio Pazar\u00e1n, cercano al ex secretario de Seguridad capitalino, Omar Garc\u00eda Harfuch.<\/p>\n\n\n\n<p>Pedro Segura, empresario hotelero respaldado en 2021 por el PT y el PVEM como aspirante a la gubernatura, fue detenido el 12 de agosto en Tepecuacuilco y enviado de inmediato al Altiplano.<\/p>\n\n\n\n<p>Sin embargo, la juez consider\u00f3 que los testimonios presentados por la UEILCA no son suficientes para sostener los se\u00f1alamientos de delincuencia organizada ni la versi\u00f3n de que en su hotel se alojaron cuatro normalistas antes de su desaparici\u00f3n.<\/p>\n\n\n\n<p>Fuentes consultadas por este medio en el gobierno de Guerrero confirmaron tambi\u00e9n la liberaci\u00f3n de Segura Valladares, quien ayer abandon\u00f3 el penal federal sin que se le acreditara responsabilidad penal en el caso.<\/p>\n\n\n\n<p>La FGR dispone de un plazo de 10 d\u00edas para apelar y tratar de revertir la decisi\u00f3n judicial ante un tribunal colegiado.<\/p>\n","protected":false},"excerpt":{"rendered":"<p>&#8212; FGR no acredit\u00f3 la imputaci\u00f3n Cristina Serrano \/ Chilpancingo El empresario y ex candidato a gobernador de Guerrero, Pedro Segura Balladares fue liberado tras permanecer una semana en el&hellip; <\/p>\n","protected":false},"author":34,"featured_media":94199,"comment_status":"open","ping_status":"open","sticky":false,"template":"","format":"standard","meta":{"fifu_image_url":"https:\/\/www.interaccionnoticias.com.mx\/wp-content\/uploads\/2025\/08\/250820-Pedro-Segura.jpg","fifu_image_alt":"","footnotes":""},"categories":[11],"tags":[],"class_list":["post-94196","post","type-post","status-publish","format-standard","has-post-thumbnail","hentry","category-guerrero"],"_links":{"self":[{"href":"https:\/\/www.interaccionnoticias.com.mx\/index.php?rest_route=\/wp\/v2\/posts\/94196","targetHints":{"allow":["GET"]}}],"collection":[{"href":"https:\/\/www.interaccionnoticias.com.mx\/index.php?rest_route=\/wp\/v2\/posts"}],"about":[{"href":"https:\/\/www.interaccionnoticias.com.mx\/index.php?rest_route=\/wp\/v2\/types\/post"}],"author":[{"embeddable":true,"href":"https:\/\/www.interaccionnoticias.com.mx\/index.php?rest_route=\/wp\/v2\/users\/34"}],"replies":[{"embeddable":true,"href":"https:\/\/www.interaccionnoticias.com.mx\/index.php?rest_route=%2Fwp%2Fv2%2Fcomments&post=94196"}],"version-history":[{"count":1,"href":"https:\/\/www.interaccionnoticias.com.mx\/index.php?rest_route=\/wp\/v2\/posts\/94196\/revisions"}],"predecessor-version":[{"id":94198,"href":"https:\/\/www.interaccionnoticias.com.mx\/index.php?rest_route=\/wp\/v2\/posts\/94196\/revisions\/94198"}],"wp:featuredmedia":[{"embeddable":true,"href":"https:\/\/www.interaccionnoticias.com.mx\/index.php?rest_route=\/wp\/v2\/media\/94199"}],"wp:attachment":[{"href":"https:\/\/www.interaccionnoticias.com.mx\/index.php?rest_route=%2Fwp%2Fv2%2Fmedia&parent=94196"}],"wp:term":[{"taxonomy":"category","embeddable":true,"href":"https:\/\/www.interaccionnoticias.com.mx\/index.php?rest_route=%2Fwp%2Fv2%2Fcategories&post=94196"},{"taxonomy":"post_tag","embeddable":true,"href":"https:\/\/www.interaccionnoticias.com.mx\/index.php?rest_route=%2Fwp%2Fv2%2Ftags&post=94196"}],"curies":[{"name":"wp","href":"https:\/\/api.w.org\/{rel}","templated":true}]}}