{"id":94172,"date":"2025-08-19T21:14:48","date_gmt":"2025-08-20T03:14:48","guid":{"rendered":"https:\/\/www.interaccionnoticias.com.mx\/?p=94172"},"modified":"2025-08-19T21:14:50","modified_gmt":"2025-08-20T03:14:50","slug":"el-veladero-noticias-3","status":"publish","type":"post","link":"https:\/\/www.interaccionnoticias.com.mx\/?p=94172","title":{"rendered":"El Veladero Noticias"},"content":{"rendered":"\n<p><strong>Por Sergio Flores<\/strong><\/p>\n\n\n\n<p><strong>\u00abHay F\u00e9lix para rato\u00bb pero no para 2027: Alcalde Luj\u00e1n<\/strong><\/p>\n\n\n\n<p><strong>Y evade referirse a conflictos legales de Abelina en Guerrero<\/strong><\/p>\n\n\n\n<p>Mientras que la presidente Claudia Sheinbaum ha abierto la posibilidad para que por medio de encuesta en 2027 candidatos de Morena a gobernador puedan contender aunque registren casos de nepotismo, este martes en Chilpancingo, la dirigente nacional del partido Morena, Luisa Mar\u00eda Alcalde Luj\u00e1n cerr\u00f3 esa posibilidad para que F\u00e9lix Salgado Macedonio, herede el cargo de su hija en las pr\u00f3ximas elecciones.<\/p>\n\n\n\n<p>\u00abLos lineamientos deben hacerse efectivos porque fueron aprobados por el Consejo Nacional de Morena y tienen que ser acatados por el comit\u00e9 de elecciones\u00bb, afirm\u00f3 Alcalde Luj\u00e1n y a\u00f1adi\u00f3 que la candidatura a la gubernatura por Guerrero se definir\u00e1 a trav\u00e9s de una encuesta pero que se respetar\u00e1n los estatutos internos contra el nepotismo que ha sido aprobado en su partido para ser aplicado desde 2027.<\/p>\n\n\n\n<p>\u00abHay F\u00e9lix para rato\u201c, aludi\u00f3 Luisa Alcalde en entrevista y ante el senador, F\u00e9lix Salgado quien se encontraba escuchado el discurso de su lidereza con cubrebocas y alejado de sus correligionarios por haber presuntamente contraido por novena ocasi\u00f3n COVID.<\/p>\n\n\n\n<p>La lidereza nacional de Morena, evit\u00f3 referirse a los procesos jur\u00eddicos que enfrenta Abelina L\u00f3pez como el juicio pol\u00edtico, la revocaci\u00f3n de mandato y la denuncia por la presunta no comprobaci\u00f3n de 898 millones de pesos que sus propios compa\u00f1eros legisladores y funcionarios morenistas, han dado cabida desde el Congreso local, as\u00ed como a trav\u00e9s de la Auditor\u00eda Superior del Estado ASE y la Fiscal\u00eda General de Guerrero FGE.<\/p>\n\n\n\n<p>Alcalde Luj\u00e1n respondi\u00f3 a preguntas de reporteros sobre observaciones de la Auditor\u00eda Superior de la Federaci\u00f3n hacia ejercicios fiscales del gobierno de Acapulco pero evit\u00f3 referirse al proceso judicial que enfrenta Abelina L\u00f3pez ante la Fiscal\u00eda General del Estado por la posible no comprobaci\u00f3n de 898 millones de pesos del ejercicio 2023 destinados a la ejecuci\u00f3n de 510 obras p\u00fablicas que seg\u00fan la ASE, la alcaldesa no ha aclarado.<\/p>\n\n\n\n<p>Ante reclamos sociales de municipios de la zona centro y la Monta\u00f1a por obras p\u00fablicas que han llegado a ocasionar bloqueos en la Autopista del Sol y al palacio de gobierno estatal, sede de las oficinas de Evelyn Salgado, asi como reclamos continuos a la alcaldesa de Acapulco, Abelina L\u00f3pez, Alcalde Luj\u00e1n lanz\u00f3 un llamado para que los gobernantes de Guerrero de su partido Morena, fortalezcan el acercamiento con la poblaci\u00f3n y atiendan los servicios b\u00e1sicos, como agua, energ\u00eda el\u00e9ctrica, baches, drenaje y seguridad.<\/p>\n\n\n\n<p>\u201cHay una poblaci\u00f3n de 3 millones de guerrenses que todos los d\u00edas percibe el desempe\u00f1o de su gobernante\u201d, dijo la lideresa del partido que gobierna Guerrero y reconoci\u00f3 que Abelina el 02 de junio de 2024 fue reelecta por una mayor\u00eda en las urnas y la calific\u00f3 c\u00f3mo una \u201cbuena compa\u00f1era\u201d.<\/p>\n\n\n\n<p>Acapulcazo<\/p>\n\n\n\n<p>La posible falta de oficio pol\u00edtico para llevar a cabo los proyectos tur\u00edsticos del programa \u201cAcapulco se Transforma Contigo\u201d, instaurados por la presidente Claudia Sheinbaum desde febrero pasado para mejorar a Acapulco tras los desastres de los huracanes Otis y John, ahora alientan conflictos sociales con prestadores de servicios tur\u00edsticos que pretenden ser parte de proyectos como el Marib\u00fas que a finales de este a\u00f1o podr\u00eda entrar en operaci\u00f3n.<\/p>\n\n\n\n<p>A casi cuarto meses del asesinato del dirigente de la agrupaci\u00f3n Turisteros Unidos en Defensa y Rescate de la Playa Icacos, Marco Antonio Su\u00e1stegui Mu\u00f1oz, quien tambi\u00e9n fue l\u00edder opositor a la construcci\u00f3n de la presa La Parota, sus ex seguidores, comerciantes ambulantes y fijos de playa, exigen ser tomados en cuenta ante el inicio de operaciones del transporte p\u00fablico denominado Marib\u00fas que pretende trasladar pasajeros en las aguas de la bah\u00eda de Acapulco.<\/p>\n","protected":false},"excerpt":{"rendered":"<p>Por Sergio Flores \u00abHay F\u00e9lix para rato\u00bb pero no para 2027: Alcalde Luj\u00e1n Y evade referirse a conflictos legales de Abelina en Guerrero Mientras que la presidente Claudia Sheinbaum ha&hellip; <\/p>\n","protected":false},"author":19,"featured_media":94175,"comment_status":"open","ping_status":"open","sticky":false,"template":"","format":"standard","meta":{"fifu_image_url":"https:\/\/www.interaccionnoticias.com.mx\/wp-content\/uploads\/2025\/08\/250819-El-Veladero-Noticias.jpg","fifu_image_alt":"","footnotes":""},"categories":[16],"tags":[],"class_list":["post-94172","post","type-post","status-publish","format-standard","has-post-thumbnail","hentry","category-opinion"],"_links":{"self":[{"href":"https:\/\/www.interaccionnoticias.com.mx\/index.php?rest_route=\/wp\/v2\/posts\/94172","targetHints":{"allow":["GET"]}}],"collection":[{"href":"https:\/\/www.interaccionnoticias.com.mx\/index.php?rest_route=\/wp\/v2\/posts"}],"about":[{"href":"https:\/\/www.interaccionnoticias.com.mx\/index.php?rest_route=\/wp\/v2\/types\/post"}],"author":[{"embeddable":true,"href":"https:\/\/www.interaccionnoticias.com.mx\/index.php?rest_route=\/wp\/v2\/users\/19"}],"replies":[{"embeddable":true,"href":"https:\/\/www.interaccionnoticias.com.mx\/index.php?rest_route=%2Fwp%2Fv2%2Fcomments&post=94172"}],"version-history":[{"count":1,"href":"https:\/\/www.interaccionnoticias.com.mx\/index.php?rest_route=\/wp\/v2\/posts\/94172\/revisions"}],"predecessor-version":[{"id":94174,"href":"https:\/\/www.interaccionnoticias.com.mx\/index.php?rest_route=\/wp\/v2\/posts\/94172\/revisions\/94174"}],"wp:featuredmedia":[{"embeddable":true,"href":"https:\/\/www.interaccionnoticias.com.mx\/index.php?rest_route=\/wp\/v2\/media\/94175"}],"wp:attachment":[{"href":"https:\/\/www.interaccionnoticias.com.mx\/index.php?rest_route=%2Fwp%2Fv2%2Fmedia&parent=94172"}],"wp:term":[{"taxonomy":"category","embeddable":true,"href":"https:\/\/www.interaccionnoticias.com.mx\/index.php?rest_route=%2Fwp%2Fv2%2Fcategories&post=94172"},{"taxonomy":"post_tag","embeddable":true,"href":"https:\/\/www.interaccionnoticias.com.mx\/index.php?rest_route=%2Fwp%2Fv2%2Ftags&post=94172"}],"curies":[{"name":"wp","href":"https:\/\/api.w.org\/{rel}","templated":true}]}}