{"id":9415,"date":"2017-10-20T17:44:59","date_gmt":"2017-10-20T22:44:59","guid":{"rendered":"http:\/\/www.inter-accion.com.mx\/?p=9415"},"modified":"2017-10-20T17:44:59","modified_gmt":"2017-10-20T22:44:59","slug":"tambien-la-policia-de-chilpancingo-vigila-la-carretera-hacia-chilapa","status":"publish","type":"post","link":"https:\/\/www.interaccionnoticias.com.mx\/?p=9415","title":{"rendered":"Tambi\u00e9n la polic\u00eda de Chilpancingo vigila la carretera hacia Chilapa"},"content":{"rendered":"<p><br \/>\n<strong>Para bajar la incidencia criminal<\/strong><br \/>\nCon el \u00e1nimo de inhibir la comisi\u00f3n de delitos de alto impacto, en una de las carreteras m\u00e1s peligrosas de la entidad, la Polic\u00eda Preventiva de Chilpancingo se sum\u00f3 a la vigilancia de la ruta que comunica con Tixtla y llega hasta Chilapa de Alvarez.<br \/>\nEsteban Espinosa Montoya, titular de la Secretar\u00eda de Seguridad P\u00fablica Municipal (SSPM), indic\u00f3 que durante toda la semana, la corporaci\u00f3n a su cargo puso en marcha lo que ahora se conoce como \u201coperativo NIDO\u201d.<br \/>\nLa prioridad, dijo que es garantizar la integridad de los pasajeros que utilizan las unidades tipo Urvan, que de primera instancia trasladan a los usuarios hacia la cabecera municipal de Tixtla y de ah\u00ed llegan hasta Chilapa.<br \/>\nPara ello, la polic\u00eda de la capital del estado implement\u00f3 filtros de vigilancia, que ayudan a detectar personas armadas, impedir el paso de droga y detectar veh\u00edculos con reporte de robo.<br \/>\nDurante la jornada del viernes, la SSPM registr\u00f3 29 unidades del transporte p\u00fablico con 174 pasajeros a bordo, hubo un resultado positivo, aunque no se aportaron mayores detalles respecto de ese caso.<br \/>\nDesde hace varios meses, la carretera federal Chilpancingo-Chilapa se ha convertido en una de las m\u00e1s peligrosas en el estado de Guerrero, por la cantidad de cr\u00edmenes que se han registrado en ella.<br \/>\nLa jornada del mi\u00e9rcoles, tras varios d\u00edas de tregua, un chofer de urvan fue asesinado a balazos por un supuesto pasajero, quien lo oblig\u00f3 a detener la unidad en las inmediaciones de la comunidad de Ojitos de Agua, cerca de la cabecera municipal de Tixtla.<br \/>\nEl vocero del colectivo \u201cSiempre vivos\u201d, Jos\u00e9 D\u00edaz Navarro en varias ocasiones se ha referido a dicha carretera como un verdadero \u201ccorredor de la muerte\u201d.<\/p>\n","protected":false},"excerpt":{"rendered":"<p>Para bajar la incidencia criminal Con el \u00e1nimo de inhibir la comisi\u00f3n de delitos de alto impacto, en una de las carreteras m\u00e1s peligrosas de la entidad, la Polic\u00eda Preventiva&hellip; <\/p>\n","protected":false},"author":1,"featured_media":0,"comment_status":"closed","ping_status":"closed","sticky":false,"template":"","format":"standard","meta":{"fifu_image_url":"","fifu_image_alt":"","footnotes":""},"categories":[8,27],"tags":[],"class_list":["post-9415","post","type-post","status-publish","format-standard","hentry","category-featured","category-seguridad-publica"],"_links":{"self":[{"href":"https:\/\/www.interaccionnoticias.com.mx\/index.php?rest_route=\/wp\/v2\/posts\/9415","targetHints":{"allow":["GET"]}}],"collection":[{"href":"https:\/\/www.interaccionnoticias.com.mx\/index.php?rest_route=\/wp\/v2\/posts"}],"about":[{"href":"https:\/\/www.interaccionnoticias.com.mx\/index.php?rest_route=\/wp\/v2\/types\/post"}],"author":[{"embeddable":true,"href":"https:\/\/www.interaccionnoticias.com.mx\/index.php?rest_route=\/wp\/v2\/users\/1"}],"replies":[{"embeddable":true,"href":"https:\/\/www.interaccionnoticias.com.mx\/index.php?rest_route=%2Fwp%2Fv2%2Fcomments&post=9415"}],"version-history":[{"count":0,"href":"https:\/\/www.interaccionnoticias.com.mx\/index.php?rest_route=\/wp\/v2\/posts\/9415\/revisions"}],"wp:attachment":[{"href":"https:\/\/www.interaccionnoticias.com.mx\/index.php?rest_route=%2Fwp%2Fv2%2Fmedia&parent=9415"}],"wp:term":[{"taxonomy":"category","embeddable":true,"href":"https:\/\/www.interaccionnoticias.com.mx\/index.php?rest_route=%2Fwp%2Fv2%2Fcategories&post=9415"},{"taxonomy":"post_tag","embeddable":true,"href":"https:\/\/www.interaccionnoticias.com.mx\/index.php?rest_route=%2Fwp%2Fv2%2Ftags&post=9415"}],"curies":[{"name":"wp","href":"https:\/\/api.w.org\/{rel}","templated":true}]}}