{"id":94121,"date":"2025-08-19T14:57:47","date_gmt":"2025-08-19T20:57:47","guid":{"rendered":"https:\/\/www.interaccionnoticias.com.mx\/?p=94121"},"modified":"2025-08-19T14:57:48","modified_gmt":"2025-08-19T20:57:48","slug":"sntsa-advierte-habra-coordinacion-pero-no-sumision-con-el-imss-bienestar","status":"publish","type":"post","link":"https:\/\/www.interaccionnoticias.com.mx\/?p=94121","title":{"rendered":"SNTSA advierte: \u201cHabr\u00e1 coordinaci\u00f3n pero no sumisi\u00f3n con el IMSS-Bienestar\u201d"},"content":{"rendered":"\n<p><strong>&#8212; Si alg\u00fan gobierno rechaza la firma del comvenio sustentado en voluntades, entonces los acuerdos se revertir\u00e1n<\/strong><\/p>\n\n\n\n<p><strong>Alejandro G\u00f3mez Sotelo<\/strong><\/p>\n\n\n\n<p>La dirigente de la secci\u00f3n 36 del Sindicato Nacional de Trabajadores de la Secretar\u00eda de Salud (SNTSA), Beatriz V\u00e9lez N\u00fa\u00f1ez sostuvo que dicha organizaci\u00f3n gremial trabajar\u00e1 en coordinaci\u00f3n, pero no con sumisi\u00f3n en el nuevo esquema del IMSS-Bienestar en los pr\u00f3ximos seis a\u00f1os, como lo hicieron con el sector salud.<\/p>\n\n\n\n<p>Anticip\u00f3 que si alg\u00fan gobierno estatal \u201cdistinto\u201d se niega a firmar y ratificar el convenio de voluntades que no est\u00e1 en la ley, entonces todo regresar\u00e1 al anterior sistema.<\/p>\n\n\n\n<p>\u201cAntes ve\u00edan a las autoridades de la secretar\u00eda de salud y hoy ver\u00e1n al IMSS-Bienestar con quienes mantendremos una relaci\u00f3n institucional, de respeto, coordinaci\u00f3n y nunca de sumisi\u00f3n en el actual sexenio, pero el tema tambi\u00e9n depende del gobierno estatal con la firma de convenio de voluntades para que \u00e9ste se mantenga vigente\u201d, dijo la tambi\u00e9n diputada local plurinominal del PRI, al se\u00f1alar que si alguien distinto no firma ni ratifica dicho convenio todo regresar\u00eda a la Ssa de la entidad.<\/p>\n\n\n\n<p>Sin precisar si ese \u201calguien distinto\u201d se relaciona con las elecciones del 2027 donde se elegir\u00e1 nuevo gobierno en Guerrero que actualmente est\u00e1 en manos de Morena, V\u00e9lez N\u00fa\u00f1ez aclar\u00f3 que el IMSS-Bienestar es un ente prestador de servicios pero la rector\u00eda y la ley est\u00e1n en manos de la Ssa, porque no se ha extinguido la descentralizaci\u00f3n operativa de los servicios de salud y solamente existe un decreto presidencial, pero sin una ley constitucional.<\/p>\n\n\n\n<p>Durante una reuni\u00f3n informativa con sus representados del sector salud de Taxco, la representante sindical mencion\u00f3 que mientras no se concluya el proceso de descentralizaci\u00f3n van a trabajar con el nuevo modelo del IMSS-Bienestar, pero si en el futuro son llamados por otro ente entonces van a laborar con quien los haya convocado, aunque no aclar\u00f3 si esa postura tiene relaci\u00f3n con los comicios en puerta en la entidad.<\/p>\n\n\n\n<p>Puntualiz\u00f3 que las cosas no est\u00e1n bien en el pa\u00eds y el desabasto de medicamentos y materiales es evidente en las instituciones p\u00fablicas de salud, donde muchas veces los propios trabajadores se ven en la necesidad de desembolsar sus recursos monetarios para comprar los insumos, mientras la poblaci\u00f3n usuaria culpa a m\u00e9dicos, enfermeras y administrativos de esas carencias, cuando es el nuevo esquema el responsable de la problem\u00e1tica, \u201cel salario es para la familia\u201d.<\/p>\n\n\n\n<p>Beatriz V\u00e9lez N\u00fa\u00f1ez, advirti\u00f3 de una crisis en el sistema de salud en varios aspectos y bajo esa premisa, hizo el llamado a la unidad del personal basificado y mantener una actitud positiva y de compa\u00f1erismo en los centros de trabajo, donde asuman un comportamiento \u00e9tico, solidario y de apoyo hacia sus compa\u00f1eros, porque en muchas de las ocasiones las organizaciones sindicales luchan en contra de los representados que defienden.<\/p>\n","protected":false},"excerpt":{"rendered":"<p>&#8212; Si alg\u00fan gobierno rechaza la firma del comvenio sustentado en voluntades, entonces los acuerdos se revertir\u00e1n Alejandro G\u00f3mez Sotelo La dirigente de la secci\u00f3n 36 del Sindicato Nacional de&hellip; <\/p>\n","protected":false},"author":15,"featured_media":94124,"comment_status":"open","ping_status":"open","sticky":false,"template":"","format":"standard","meta":{"fifu_image_url":"https:\/\/www.interaccionnoticias.com.mx\/wp-content\/uploads\/2025\/08\/250819-SNTSA.jpg","fifu_image_alt":"","footnotes":""},"categories":[26],"tags":[],"class_list":["post-94121","post","type-post","status-publish","format-standard","has-post-thumbnail","hentry","category-salud"],"_links":{"self":[{"href":"https:\/\/www.interaccionnoticias.com.mx\/index.php?rest_route=\/wp\/v2\/posts\/94121","targetHints":{"allow":["GET"]}}],"collection":[{"href":"https:\/\/www.interaccionnoticias.com.mx\/index.php?rest_route=\/wp\/v2\/posts"}],"about":[{"href":"https:\/\/www.interaccionnoticias.com.mx\/index.php?rest_route=\/wp\/v2\/types\/post"}],"author":[{"embeddable":true,"href":"https:\/\/www.interaccionnoticias.com.mx\/index.php?rest_route=\/wp\/v2\/users\/15"}],"replies":[{"embeddable":true,"href":"https:\/\/www.interaccionnoticias.com.mx\/index.php?rest_route=%2Fwp%2Fv2%2Fcomments&post=94121"}],"version-history":[{"count":1,"href":"https:\/\/www.interaccionnoticias.com.mx\/index.php?rest_route=\/wp\/v2\/posts\/94121\/revisions"}],"predecessor-version":[{"id":94123,"href":"https:\/\/www.interaccionnoticias.com.mx\/index.php?rest_route=\/wp\/v2\/posts\/94121\/revisions\/94123"}],"wp:featuredmedia":[{"embeddable":true,"href":"https:\/\/www.interaccionnoticias.com.mx\/index.php?rest_route=\/wp\/v2\/media\/94124"}],"wp:attachment":[{"href":"https:\/\/www.interaccionnoticias.com.mx\/index.php?rest_route=%2Fwp%2Fv2%2Fmedia&parent=94121"}],"wp:term":[{"taxonomy":"category","embeddable":true,"href":"https:\/\/www.interaccionnoticias.com.mx\/index.php?rest_route=%2Fwp%2Fv2%2Fcategories&post=94121"},{"taxonomy":"post_tag","embeddable":true,"href":"https:\/\/www.interaccionnoticias.com.mx\/index.php?rest_route=%2Fwp%2Fv2%2Ftags&post=94121"}],"curies":[{"name":"wp","href":"https:\/\/api.w.org\/{rel}","templated":true}]}}