{"id":9400,"date":"2017-10-19T19:12:01","date_gmt":"2017-10-20T00:12:01","guid":{"rendered":"http:\/\/www.inter-accion.com.mx\/?p=9400"},"modified":"2017-10-19T19:12:01","modified_gmt":"2017-10-20T00:12:01","slug":"declina-el-fiscal-hablar-sobre-los-cuestionamientos-del-congreso","status":"publish","type":"post","link":"https:\/\/www.interaccionnoticias.com.mx\/?p=9400","title":{"rendered":"Declina el fiscal hablar sobre los cuestionamientos del Congreso"},"content":{"rendered":"<p><strong>Durante el segundo informe de gobierno, PT, Morena y MC plantearon su destituci\u00f3n<\/strong><br \/>\nEl titular de la Fiscal\u00eda General del Estado (FGE), Javier Olea Pel\u00e1ez declin\u00f3 hablar en torno a los cuestionamientos hechos por los diputados del Morena, Movimiento Ciudadano (MC) y PT durante el segundo informe de labores, en relaci\u00f3n a su desempe\u00f1o.<br \/>\nDurante las intervenciones que tuvieron en tribuna, la mayor\u00eda de las representaciones de partido y fracciones parlamentarias cuestionaron los resultados que hasta el momento se mantienen en materia de seguridad p\u00fablica y procuraci\u00f3n de justicia.<br \/>\nLa diputada Mar\u00eda de Jes\u00fas Cisneros, del Morena lament\u00f3 que la mayor\u00eda de los asesinatos que se cometen en Guerrero permanezcan impunes, pues si bien se integran carpetas de investigaci\u00f3n, muy pocas llegan hasta la sanci\u00f3n de los presuntos responsables.<br \/>\nRicardo Mej\u00eda Berdeja, coordinador del MC fue lapidario cuando sostuvo: \u201cLa impunidad mata\u201d, para enseguida proponer que el gobernador ejerza su facultad legal para destituir al titular de la FGE.&nbsp;&nbsp;<br \/>\nEn la parte final de su intervenci\u00f3n, el representante del PT, Freddy Garc\u00eda Guevara sugiri\u00f3 valorar los resultados aportados hasta el momento, para enseguida resolver si es necesario mover a los responsables de la SSP y la FGE.<br \/>\nAl t\u00e9rmino del evento, el fiscal fue abordado cerca de la explanada del Congreso local, de entrada se\u00f1al\u00f3 que no emitir\u00eda declaraciones.<br \/>\nCuando se le plante\u00f3 la primera interrogante, relacionada con la presentaci\u00f3n del segundo informe de labores, Olea Pel\u00e1ez ataj\u00f3 en forma seca: \u201cFue un gran informe del gobernador\u201d.<br \/>\nDespu\u00e9s se le solicit\u00f3 una opini\u00f3n respecto a los cuestionamientos de los diputados, el fiscal ya no respondi\u00f3, se limit\u00f3 a caminar para abrirse paso hacia la salida, sin atender las preguntas que se le hac\u00edan sobre la marcha.<\/p>\n","protected":false},"excerpt":{"rendered":"<p>Durante el segundo informe de gobierno, PT, Morena y MC plantearon su destituci\u00f3n El titular de la Fiscal\u00eda General del Estado (FGE), Javier Olea Pel\u00e1ez declin\u00f3 hablar en torno a&hellip; <\/p>\n","protected":false},"author":1,"featured_media":0,"comment_status":"closed","ping_status":"closed","sticky":false,"template":"","format":"standard","meta":{"fifu_image_url":"","fifu_image_alt":"","footnotes":""},"categories":[8,11],"tags":[],"class_list":["post-9400","post","type-post","status-publish","format-standard","hentry","category-featured","category-guerrero"],"_links":{"self":[{"href":"https:\/\/www.interaccionnoticias.com.mx\/index.php?rest_route=\/wp\/v2\/posts\/9400","targetHints":{"allow":["GET"]}}],"collection":[{"href":"https:\/\/www.interaccionnoticias.com.mx\/index.php?rest_route=\/wp\/v2\/posts"}],"about":[{"href":"https:\/\/www.interaccionnoticias.com.mx\/index.php?rest_route=\/wp\/v2\/types\/post"}],"author":[{"embeddable":true,"href":"https:\/\/www.interaccionnoticias.com.mx\/index.php?rest_route=\/wp\/v2\/users\/1"}],"replies":[{"embeddable":true,"href":"https:\/\/www.interaccionnoticias.com.mx\/index.php?rest_route=%2Fwp%2Fv2%2Fcomments&post=9400"}],"version-history":[{"count":0,"href":"https:\/\/www.interaccionnoticias.com.mx\/index.php?rest_route=\/wp\/v2\/posts\/9400\/revisions"}],"wp:attachment":[{"href":"https:\/\/www.interaccionnoticias.com.mx\/index.php?rest_route=%2Fwp%2Fv2%2Fmedia&parent=9400"}],"wp:term":[{"taxonomy":"category","embeddable":true,"href":"https:\/\/www.interaccionnoticias.com.mx\/index.php?rest_route=%2Fwp%2Fv2%2Fcategories&post=9400"},{"taxonomy":"post_tag","embeddable":true,"href":"https:\/\/www.interaccionnoticias.com.mx\/index.php?rest_route=%2Fwp%2Fv2%2Ftags&post=9400"}],"curies":[{"name":"wp","href":"https:\/\/api.w.org\/{rel}","templated":true}]}}