{"id":93901,"date":"2025-08-13T18:55:41","date_gmt":"2025-08-14T00:55:41","guid":{"rendered":"https:\/\/www.interaccionnoticias.com.mx\/?p=93901"},"modified":"2025-08-13T18:55:43","modified_gmt":"2025-08-14T00:55:43","slug":"fue-candidato-externo-marca-su-distancia-el-pvem-guerrero-respecto-a-pedro-segura","status":"publish","type":"post","link":"https:\/\/www.interaccionnoticias.com.mx\/?p=93901","title":{"rendered":"\u201cFue candidato externo\u201d, marca su distancia el PVEM-Guerrero respecto a Pedro Segura"},"content":{"rendered":"\n<p><strong><em>&#8212; En un comunicado, el dirigente Alejandro Carabias Icaza precisa que Segura Balladares fue postulado en coalici\u00f3n con el PT<br>&#8212; Sostiene que en 2021 acredit\u00f3 que no ten\u00eda historial delictivo, pues entreg\u00f3 una constancia de no antecedentes penales<br>&#8212; Tras las elecciones ya no se tuvo comunicaci\u00f3n con \u00e9l, destaca<\/em><\/strong><\/p>\n\n\n\n<p><strong>Rogelio Agust\u00edn<\/strong><\/p>\n\n\n\n<p>La dirigencia estatal del Partido Verde Ecologista de M\u00e9xico (PVEM) sostuvo que cuando postul\u00f3 a Pedro Segura Balladares como candidato a gobernador de Guerrero, lo hizo en coalici\u00f3n con el Partido del Trabajo (PT) y con la certeza de que el empresario \u201cno ten\u00eda historial delictivo\u201d.<\/p>\n\n\n\n<p>La tarde del mi\u00e9rcoles 13 de agosto, el presidente del PVEM en Guerrero, Alejandro Carabias Icaza sostuvo que Segura Balladares fue candidato a gobernador en los comicios de 2021 en coalici\u00f3n con el PT.<\/p>\n\n\n\n<p>Sin embargo, precis\u00f3 que Segura \u201cno es, ni ha sido militante del PVEM.<\/p>\n\n\n\n<p>El documento emitido este 13 de agosto se\u00f1ala: \u201cDurante dicho proceso, present\u00f3 en tiempo y forma toda la documentaci\u00f3n exigida por el Instituto Electoral y de Participaci\u00f3n Ciudadana (IEPC) para su inscripci\u00f3n como candidato\u201d.<\/p>\n\n\n\n<p>Se anota que como parte de los requisitos internos del partido del tuc\u00e1n, se requiri\u00f3 al ex candidato la presentaci\u00f3n de una carta de no antecedentes penales, \u201cla cual entreg\u00f3 acreditando no contar con historial delictivo\u201d.<\/p>\n\n\n\n<p>Pero aclara que una vez concluido el proceso electoral de 2021, el PVEM y el empresario Segura Balladares dejaron de tener comunicaci\u00f3n, se que se le postul\u00f3 como candidato externo.<\/p>\n\n\n\n<p>En el cierre del comunicado, destaca que cualquier responsabilidad penal que se finque en contra de Pedro Segura, es responsabilidad exclusiva de las autoridades competentes, a las que exhort\u00f3 a conducirse con apego a la legalidad y en el marco del respeto al debido proceso.<\/p>\n\n\n\n<p>El dirigente del PVEM, Alejandro Carabias Icaza fue buscado por los reporteros que cubren la fuente del Congreso local, en donde se desempe\u00f1a como diputado.<\/p>\n\n\n\n<p>Al principio dijo que saldr\u00eda al \u00e1rea del lobby para sostener una entrevista, pero al final opt\u00f3 por la emisi\u00f3n del comunicado.<\/p>\n","protected":false},"excerpt":{"rendered":"<p>&#8212; En un comunicado, el dirigente Alejandro Carabias Icaza precisa que Segura Balladares fue postulado en coalici\u00f3n con el PT&#8212; Sostiene que en 2021 acredit\u00f3 que no ten\u00eda historial delictivo,&hellip; <\/p>\n","protected":false},"author":21,"featured_media":93904,"comment_status":"open","ping_status":"open","sticky":false,"template":"","format":"standard","meta":{"fifu_image_url":"https:\/\/www.interaccionnoticias.com.mx\/wp-content\/uploads\/2025\/08\/250813-PVEM-Guerrero-1.jpg","fifu_image_alt":"","footnotes":""},"categories":[21],"tags":[],"class_list":["post-93901","post","type-post","status-publish","format-standard","has-post-thumbnail","hentry","category-politica"],"_links":{"self":[{"href":"https:\/\/www.interaccionnoticias.com.mx\/index.php?rest_route=\/wp\/v2\/posts\/93901","targetHints":{"allow":["GET"]}}],"collection":[{"href":"https:\/\/www.interaccionnoticias.com.mx\/index.php?rest_route=\/wp\/v2\/posts"}],"about":[{"href":"https:\/\/www.interaccionnoticias.com.mx\/index.php?rest_route=\/wp\/v2\/types\/post"}],"author":[{"embeddable":true,"href":"https:\/\/www.interaccionnoticias.com.mx\/index.php?rest_route=\/wp\/v2\/users\/21"}],"replies":[{"embeddable":true,"href":"https:\/\/www.interaccionnoticias.com.mx\/index.php?rest_route=%2Fwp%2Fv2%2Fcomments&post=93901"}],"version-history":[{"count":1,"href":"https:\/\/www.interaccionnoticias.com.mx\/index.php?rest_route=\/wp\/v2\/posts\/93901\/revisions"}],"predecessor-version":[{"id":93903,"href":"https:\/\/www.interaccionnoticias.com.mx\/index.php?rest_route=\/wp\/v2\/posts\/93901\/revisions\/93903"}],"wp:featuredmedia":[{"embeddable":true,"href":"https:\/\/www.interaccionnoticias.com.mx\/index.php?rest_route=\/wp\/v2\/media\/93904"}],"wp:attachment":[{"href":"https:\/\/www.interaccionnoticias.com.mx\/index.php?rest_route=%2Fwp%2Fv2%2Fmedia&parent=93901"}],"wp:term":[{"taxonomy":"category","embeddable":true,"href":"https:\/\/www.interaccionnoticias.com.mx\/index.php?rest_route=%2Fwp%2Fv2%2Fcategories&post=93901"},{"taxonomy":"post_tag","embeddable":true,"href":"https:\/\/www.interaccionnoticias.com.mx\/index.php?rest_route=%2Fwp%2Fv2%2Ftags&post=93901"}],"curies":[{"name":"wp","href":"https:\/\/api.w.org\/{rel}","templated":true}]}}