{"id":93897,"date":"2025-08-13T16:01:58","date_gmt":"2025-08-13T22:01:58","guid":{"rendered":"https:\/\/www.interaccionnoticias.com.mx\/?p=93897"},"modified":"2025-08-13T16:02:00","modified_gmt":"2025-08-13T22:02:00","slug":"antes-ser-capturado-pedro-segura-se-reunio-con-un-grupo-de-los-padres-de-los-43-para-darles-informacion-sobre-el-caso","status":"publish","type":"post","link":"https:\/\/www.interaccionnoticias.com.mx\/?p=93897","title":{"rendered":"Antes ser capturado, Pedro Segura se reuni\u00f3 con un grupo de los padres de los 43 para darles informaci\u00f3n sobre el caso"},"content":{"rendered":"\n<p><strong><em>&#8212; El profesor Felipe de la Cruz confirm\u00f3 el encuentro, dos d\u00edas antes de la detenci\u00f3n en el hotel Vida en el Lago<br>&#8212; Lo que les dijo \u00abpuede ayudar\u00bb, dice el primer vocero que tuvo el colectivo<br>&#8212; Admite que la vinculaci\u00f3n les genera \u00absorpresa y sentimientos encontrados\u00bb<\/em><\/strong><\/p>\n\n\n\n<p><strong>Rogelio Agust\u00edn<\/strong><\/p>\n\n\n\n<p>El ex vocero de los padres de los 43, Felipe de la Cruz Sandoval confirm\u00f3 que dos d\u00edas antes de que fuera capturado por agentes de la Fiscal\u00eda General de la Rep\u00fablica (FGR), el empresario Pedro Segura Valladares los convoc\u00f3 para platicar en el hotel Villa en el Lago y les proporcion\u00f3 informaci\u00f3n sobre los hechos del 26 de septiembre de 2014.<\/p>\n\n\n\n<p>V\u00eda telef\u00f3nica, el profesor de la Cruz Sandoval reconoci\u00f3 que junto con un grupo de padres de normalistas desaparecidos estuvo en las instalaciones dos d\u00edas antes de que el ex candidato a gobernador por el PT fuera detenido, acusado de delincuencia organizada y de operar para Guerreros Unidos (GU).<\/p>\n\n\n\n<p>Admiti\u00f3 que la vinculaci\u00f3n que formula la FGR les provoc\u00f3 sorpresa y en consecuencia \u00absentimientos encontrados\u00bb, porque un grupo de padres acept\u00f3 reunirse con \u00e9l y recibir informaci\u00f3n, adem\u00e1s de algunos apoyos materiales que ofreci\u00f3 de manera insistente.<\/p>\n\n\n\n<p>Explic\u00f3: \u00abHace unos d\u00edas, creo que dos, \u00e9l nos invit\u00f3 a su hotel (Vida en el Lago) para darnos una informaci\u00f3n que dijo, nos ayudar\u00eda en el caso y s\u00ed, fuimos y platicamos\u00bb.<\/p>\n\n\n\n<p>Consider\u00f3 que la informaci\u00f3n aportada por Segura es importante y puede ayudar con la investigaci\u00f3n del caso, por eso es que piensan plantearla en la reuni\u00f3n que sostendr\u00e1n el pr\u00f3ximo 3 de septiembre con la unidad que est\u00e1 a cargo de la investigaci\u00f3n sobre los hechos del 26 de septiembre de 2014.<\/p>\n\n\n\n<p>Precis\u00f3: \u00abSe trata de informaci\u00f3n reservada; solo puedo decir que \u00e9l nos cuenta cosas que consideramos, hace falta que se le d\u00e9 por ese lado para avanzar m\u00e1s\u00bb.<\/p>\n\n\n\n<p>Y subray\u00f3: \u00abNosotros sentimos que nos dijo algo que puede ayudar\u00bb.<\/p>\n\n\n\n<p>Respecto a la detenci\u00f3n por parte de FGR y la vinculaci\u00f3n con el GU, as\u00ed como con los hechos del 26 de septiembre, dijo que les gener\u00f3 una gran sorpresa.<\/p>\n\n\n\n<p>Relat\u00f3: \u00abHace ya varios a\u00f1os, en el Centro Miguel Agust\u00edn Projuarez, Pedro Segura lleg\u00f3 a buscar a los padres, se present\u00f3 como un empresario que ven\u00eda de Estados Unidos y les ofreci\u00f3 si apoyo, pero en ese momento los pap\u00e1s y las mam\u00e1s estaban muy sensibles y los rechazaron, posteriormente algunos accedieron a tener un acercamiento\u00bb.<\/p>\n\n\n\n<p>Reconoci\u00f3 que Segura Valladares siempre les manifest\u00f3 que cre\u00eda que el ex alcalde de Iguala, Jos\u00e9 Luis Abarca Vel\u00e1zquez era inocente de la desaparici\u00f3n de los 43, lo que se reforz\u00f3 cuando se le exoner\u00f3 por ese hecho, aunque permanece en prisi\u00f3n por otras causas.<\/p>\n\n\n\n<p>Admiti\u00f3 que los padres que tuvieron ese acercamiento con Pedro Segura van a ser objeto de cr\u00edticas, pero insisti\u00f3 en el hecho de que su planteamiento central es saber la verdad y dar con el paradero de los desaparecidos.<\/p>\n","protected":false},"excerpt":{"rendered":"<p>&#8212; El profesor Felipe de la Cruz confirm\u00f3 el encuentro, dos d\u00edas antes de la detenci\u00f3n en el hotel Vida en el Lago&#8212; Lo que les dijo \u00abpuede ayudar\u00bb, dice&hellip; <\/p>\n","protected":false},"author":21,"featured_media":93900,"comment_status":"open","ping_status":"open","sticky":false,"template":"","format":"standard","meta":{"fifu_image_url":"https:\/\/www.interaccionnoticias.com.mx\/wp-content\/uploads\/2025\/08\/250813-Felipe-de-la-Cruz-Sandoval-300x200.jpg","fifu_image_alt":"","footnotes":""},"categories":[11],"tags":[],"class_list":["post-93897","post","type-post","status-publish","format-standard","has-post-thumbnail","hentry","category-guerrero"],"_links":{"self":[{"href":"https:\/\/www.interaccionnoticias.com.mx\/index.php?rest_route=\/wp\/v2\/posts\/93897","targetHints":{"allow":["GET"]}}],"collection":[{"href":"https:\/\/www.interaccionnoticias.com.mx\/index.php?rest_route=\/wp\/v2\/posts"}],"about":[{"href":"https:\/\/www.interaccionnoticias.com.mx\/index.php?rest_route=\/wp\/v2\/types\/post"}],"author":[{"embeddable":true,"href":"https:\/\/www.interaccionnoticias.com.mx\/index.php?rest_route=\/wp\/v2\/users\/21"}],"replies":[{"embeddable":true,"href":"https:\/\/www.interaccionnoticias.com.mx\/index.php?rest_route=%2Fwp%2Fv2%2Fcomments&post=93897"}],"version-history":[{"count":1,"href":"https:\/\/www.interaccionnoticias.com.mx\/index.php?rest_route=\/wp\/v2\/posts\/93897\/revisions"}],"predecessor-version":[{"id":93899,"href":"https:\/\/www.interaccionnoticias.com.mx\/index.php?rest_route=\/wp\/v2\/posts\/93897\/revisions\/93899"}],"wp:featuredmedia":[{"embeddable":true,"href":"https:\/\/www.interaccionnoticias.com.mx\/index.php?rest_route=\/wp\/v2\/media\/93900"}],"wp:attachment":[{"href":"https:\/\/www.interaccionnoticias.com.mx\/index.php?rest_route=%2Fwp%2Fv2%2Fmedia&parent=93897"}],"wp:term":[{"taxonomy":"category","embeddable":true,"href":"https:\/\/www.interaccionnoticias.com.mx\/index.php?rest_route=%2Fwp%2Fv2%2Fcategories&post=93897"},{"taxonomy":"post_tag","embeddable":true,"href":"https:\/\/www.interaccionnoticias.com.mx\/index.php?rest_route=%2Fwp%2Fv2%2Ftags&post=93897"}],"curies":[{"name":"wp","href":"https:\/\/api.w.org\/{rel}","templated":true}]}}