{"id":93892,"date":"2025-08-13T13:42:33","date_gmt":"2025-08-13T19:42:33","guid":{"rendered":"https:\/\/www.interaccionnoticias.com.mx\/?p=93892"},"modified":"2025-08-13T13:42:35","modified_gmt":"2025-08-13T19:42:35","slug":"se-desmarca-la-dirigencia-estatal-del-pt-de-pedro-segura","status":"publish","type":"post","link":"https:\/\/www.interaccionnoticias.com.mx\/?p=93892","title":{"rendered":"Se desmarca la dirigencia estatal del PT de Pedro Segura"},"content":{"rendered":"\n<p><strong><em>&#8211;El dirigente de ese partido en Guerrero, Victoriano Wences asegur\u00f3 que el ahora detenido nunca se ha afiliado al PT<\/em><\/strong><\/p>\n\n\n\n<p><strong>Rosario Garc\u00eda Orozco<\/strong><\/p>\n\n\n\n<p>El dirigente estatal del Partido del Trabajo, Victoriano Wences Real, se desmarc\u00f3 del ex candidato a gobernador por ese partido, Pedro Segura Valladares, quien fue detenido la noche del martes en Tepecuacuilco e internado en el reclusorio federal de Almoloya de Ju\u00e1rez, acusado de delincuencia organizada y posible relaci\u00f3n con la desaparici\u00f3n de los 43 normalistas de Ayotzinapa.<\/p>\n\n\n\n<p>En entrevista telef\u00f3nica el dirigente petista mencion\u00f3 que \u00aben el a\u00f1o 2021 ellos (el PVEM) propusieron el candidato, justo el que hoy est\u00e1 metido en problemas legales, Pedro Segura, ellos lo propusieron para que fuera candidato del PT-Verde, pero fue candidato del verde\u201d, enfatiz\u00f3<\/p>\n\n\n\n<p>Wences Real record\u00f3 que en el proceso del 2021 no hubo condiciones para que el PT fuera en alianza con Morena, por lo que quedaron solos el PT y el PVEM en esa elecci\u00f3n.<\/p>\n\n\n\n<p>Fue reiterativo en el sentido de que Pedro Segura nunca se afili\u00f3 al Partido del Trabajo, incluso luego del proceso electoral 2021, elecci\u00f3n en que result\u00f3 ganadora la actual gobernadora Evelyn Salgado Pineda, no tuvieron mayor acercamiento con Segura Valladares.<\/p>\n\n\n\n<p>\u201cEl Partido del Trabajo fue un deslinde desde el primer momento desafortunadamente, en aquel proceso vino Noro\u00f1a (Gerardo Fern\u00e1ndez) a levantar la mano a la maestra Evelyn Salgado Pineda, hoy gobernadora del estado, y eso molest\u00f3 mucho al compa\u00f1ero Pedro (Segura)\u00bb.<\/p>\n\n\n\n<p>Refiri\u00f3 que tras ese proceso electoral en el que Segura Valladares no result\u00f3 ganador, se acab\u00f3 la relaci\u00f3n con el empresario, \u201cnos dimos las gracias, el se\u00f1or Pedro Segura no es militante del Partido del Trabajo\u201d, insisti\u00f3.<\/p>\n\n\n\n<p>Por otro lado, en mencion\u00f3 que de momento no hay intenciones de hacer alianzas con miras al proceso electoral del 2027, incluso dijo que no han tenido acercamiento con el dirigente estatal del PVEM, Marco Antonio de la Mora para hablar de una posible alianza para la pr\u00f3xima elecci\u00f3n, sin embargo, no descart\u00f3 la posibilidad de ir juntos en la pr\u00f3xima elecci\u00f3n.<\/p>\n\n\n\n<p>Lo que s\u00ed adelanjtpo es que en caso de consolidar una alianza con el Partido Verde para la elecci\u00f3n de gobernador, a quien le corresponder\u00eda poner al candidato en 2027 ser\u00eda al PT.<\/p>\n","protected":false},"excerpt":{"rendered":"<p>&#8211;El dirigente de ese partido en Guerrero, Victoriano Wences asegur\u00f3 que el ahora detenido nunca se ha afiliado al PT Rosario Garc\u00eda Orozco El dirigente estatal del Partido del Trabajo,&hellip; <\/p>\n","protected":false},"author":14,"featured_media":93895,"comment_status":"open","ping_status":"open","sticky":false,"template":"","format":"standard","meta":{"fifu_image_url":"https:\/\/www.interaccionnoticias.com.mx\/wp-content\/uploads\/2025\/08\/250813-Victoriano-Wences-Real.jpg","fifu_image_alt":"","footnotes":""},"categories":[21],"tags":[],"class_list":["post-93892","post","type-post","status-publish","format-standard","has-post-thumbnail","hentry","category-politica"],"_links":{"self":[{"href":"https:\/\/www.interaccionnoticias.com.mx\/index.php?rest_route=\/wp\/v2\/posts\/93892","targetHints":{"allow":["GET"]}}],"collection":[{"href":"https:\/\/www.interaccionnoticias.com.mx\/index.php?rest_route=\/wp\/v2\/posts"}],"about":[{"href":"https:\/\/www.interaccionnoticias.com.mx\/index.php?rest_route=\/wp\/v2\/types\/post"}],"author":[{"embeddable":true,"href":"https:\/\/www.interaccionnoticias.com.mx\/index.php?rest_route=\/wp\/v2\/users\/14"}],"replies":[{"embeddable":true,"href":"https:\/\/www.interaccionnoticias.com.mx\/index.php?rest_route=%2Fwp%2Fv2%2Fcomments&post=93892"}],"version-history":[{"count":1,"href":"https:\/\/www.interaccionnoticias.com.mx\/index.php?rest_route=\/wp\/v2\/posts\/93892\/revisions"}],"predecessor-version":[{"id":93894,"href":"https:\/\/www.interaccionnoticias.com.mx\/index.php?rest_route=\/wp\/v2\/posts\/93892\/revisions\/93894"}],"wp:featuredmedia":[{"embeddable":true,"href":"https:\/\/www.interaccionnoticias.com.mx\/index.php?rest_route=\/wp\/v2\/media\/93895"}],"wp:attachment":[{"href":"https:\/\/www.interaccionnoticias.com.mx\/index.php?rest_route=%2Fwp%2Fv2%2Fmedia&parent=93892"}],"wp:term":[{"taxonomy":"category","embeddable":true,"href":"https:\/\/www.interaccionnoticias.com.mx\/index.php?rest_route=%2Fwp%2Fv2%2Fcategories&post=93892"},{"taxonomy":"post_tag","embeddable":true,"href":"https:\/\/www.interaccionnoticias.com.mx\/index.php?rest_route=%2Fwp%2Fv2%2Ftags&post=93892"}],"curies":[{"name":"wp","href":"https:\/\/api.w.org\/{rel}","templated":true}]}}